{"id":42496,"date":"2016-02-29T09:50:52","date_gmt":"2016-02-29T14:50:52","guid":{"rendered":"http:\/\/www.contextosdigital.com\/?p=42496"},"modified":"2016-02-29T09:50:52","modified_gmt":"2016-02-29T14:50:52","slug":"participa-totolac-en-jornada-por-un-tlaxcala-limpio","status":"publish","type":"post","link":"https:\/\/www.contextosdigital.com\/?p=42496","title":{"rendered":"Participa Totolac en jornada \u201cPor un Tlaxcala Limpio\u201d"},"content":{"rendered":"<p>Luego de que el presidente Municipal de Totolac, Erasmo Atonal Ortiz, acudiera a la reuni\u00f3n que se llev\u00f3 a cabo en el sal\u00f3n Tlaxcala el pasado 17 de febrero, donde el secretario de Gobernaci\u00f3n exhort\u00f3 a las Autoridades que administran la comarca tlaxcalateca, a desarrollar jornadas de limpieza \u201cPor un Tlaxcala Limpio\u201d, el d\u00eda de hoy s\u00e1bado, dio inicio la actividad en punto de las 08:00 am. En la poblaci\u00f3n de San Juan Totolac.<\/p>\n<p>En el lugar denominado \u201cEl Tr\u00e9bol\u201d, se dieron cita m\u00e1s de cincuenta personas entre j\u00f3venes estudiantes y adultos totolatecas, provenientes del CECyTE No. 19 y del Ayuntamiento respectivamente, adem\u00e1s de personas que laboran en la Secretaria de Comunicaciones y Transportes del Estado, para apoyar con la actividad de limpieza desde tempranas horas del d\u00eda.<\/p>\n<p>Cubiertos con guantes y cubrebocas en medio de un clima c\u00e1lido, dotados con escobas, ara\u00f1as, costales y palas, recorrieron m\u00e1s de dos kil\u00f3metros de la carretera federal Tlaxcala-San Mart\u00edn Texmelucan, levantando basura acumulada sobre orilla de carretera y coladeras pluviales, dejando una imagen limpia del emblem\u00e1tico municipio panadero.<\/p>\n<p>Al respecto, Atonal Ortiz, ante personal de la secretar\u00eda de Gobernaci\u00f3n que supervis\u00f3 la actividad, agradeci\u00f3 a los presentes por mostrar un gran esp\u00edritu ecol\u00f3gico que beneficia la salud e imagen del municipio, al mismo tiempo exhorto a la poblaci\u00f3n en general, a fomentar en la familia la cultura de la higiene en nuestro entorno, pues lo que parec\u00edan simples basuritas, al t\u00e9rmino de la actividad, se reunieron m\u00e1s de tonelada y media, termin\u00f3 diciendo.<\/p>\n<p>Personal de seguridad p\u00fablica municipal y del Estado, abanderaron el trayecto para salvaguardar la integridad f\u00edsica de quienes realizaron la actividad.<\/p>\n<p>&nbsp;<\/p>\n","protected":false},"excerpt":{"rendered":"<p>Luego de que el presidente Municipal de Totolac, Erasmo Atonal Ortiz, acudiera a la reuni\u00f3n que se llev\u00f3 a cabo en el sal\u00f3n Tlaxcala el pasado 17 de febrero, donde el secretario de Gobernaci\u00f3n exhort\u00f3 a las Autoridades que administran la comarca tlaxcalateca, a desarrollar jornadas de limpieza \u201cPor un Tlaxcala Limpio\u201d, el d\u00eda de hoy s\u00e1bado, dio inicio la actividad en punto de las 08:00 am. En la poblaci\u00f3n de San Juan Totolac.<br \/>\nEn el lugar denominado \u201cEl Tr\u00e9bol\u201d, se dieron cita m\u00e1s de cincuenta personas entre j\u00f3venes estudiantes y adultos totolatecas, provenientes del CECyTE No. 19 y del Ayuntamiento respectivamente, adem\u00e1s de personas que laboran en la Secretaria de Comunicaciones y Transportes del Estado, para apoyar con la actividad de limpieza desde tempranas horas del d\u00eda.   <\/p>\n","protected":false},"author":2,"featured_media":42497,"comment_status":"open","ping_status":"open","sticky":false,"template":"","format":"standard","meta":{"footnotes":""},"categories":[4],"tags":[],"class_list":["post-42496","post","type-post","status-publish","format-standard","has-post-thumbnail","hentry","category-local"],"_links":{"self":[{"href":"https:\/\/www.contextosdigital.com\/index.php?rest_route=\/wp\/v2\/posts\/42496","targetHints":{"allow":["GET"]}}],"collection":[{"href":"https:\/\/www.contextosdigital.com\/index.php?rest_route=\/wp\/v2\/posts"}],"about":[{"href":"https:\/\/www.contextosdigital.com\/index.php?rest_route=\/wp\/v2\/types\/post"}],"author":[{"embeddable":true,"href":"https:\/\/www.contextosdigital.com\/index.php?rest_route=\/wp\/v2\/users\/2"}],"replies":[{"embeddable":true,"href":"https:\/\/www.contextosdigital.com\/index.php?rest_route=%2Fwp%2Fv2%2Fcomments&post=42496"}],"version-history":[{"count":1,"href":"https:\/\/www.contextosdigital.com\/index.php?rest_route=\/wp\/v2\/posts\/42496\/revisions"}],"predecessor-version":[{"id":42498,"href":"https:\/\/www.contextosdigital.com\/index.php?rest_route=\/wp\/v2\/posts\/42496\/revisions\/42498"}],"wp:featuredmedia":[{"embeddable":true,"href":"https:\/\/www.contextosdigital.com\/index.php?rest_route=\/wp\/v2\/media\/42497"}],"wp:attachment":[{"href":"https:\/\/www.contextosdigital.com\/index.php?rest_route=%2Fwp%2Fv2%2Fmedia&parent=42496"}],"wp:term":[{"taxonomy":"category","embeddable":true,"href":"https:\/\/www.contextosdigital.com\/index.php?rest_route=%2Fwp%2Fv2%2Fcategories&post=42496"},{"taxonomy":"post_tag","embeddable":true,"href":"https:\/\/www.contextosdigital.com\/index.php?rest_route=%2Fwp%2Fv2%2Ftags&post=42496"}],"curies":[{"name":"wp","href":"https:\/\/api.w.org\/{rel}","templated":true}]}}