{"id":42490,"date":"2016-02-29T09:48:05","date_gmt":"2016-02-29T14:48:05","guid":{"rendered":"http:\/\/www.contextosdigital.com\/?p=42490"},"modified":"2016-02-29T09:48:05","modified_gmt":"2016-02-29T14:48:05","slug":"esclarece-pgje-secuestro-y-homicidio-de-menor-de-edad","status":"publish","type":"post","link":"https:\/\/www.contextosdigital.com\/?p=42490","title":{"rendered":"Esclarece PGJE secuestro y homicidio de menor de edad"},"content":{"rendered":"<p>Resultado de una acci\u00f3n contundente en la lucha frontal contra la delincuencia, la Procuradur\u00eda General de Justicia del Estado (PGJE), a trav\u00e9s del Grupo Especializado Antisecuestros de la Polic\u00eda de Investigaci\u00f3n, esclareci\u00f3 el secuestro y homicidio de un menor de 13 a\u00f1os de edad, quien fue plagiado el 25 de enero por dos sujetos y ultimado horas despu\u00e9s por ellos mismos.<\/p>\n<p>La confianza depositada en la dependencia encargada de procurar justicia permiti\u00f3 que el 25 de enero, la madre del afectado interpusiera la denuncia correspondiente ante el Agente del Ministerio P\u00fablico, por el secuestro de su primog\u00e9nito.<\/p>\n<p>Durante su declaraci\u00f3n, la agraviada inform\u00f3 que recibi\u00f3 diversas llamadas telef\u00f3nicas de personas desconocidas, quienes le solicitaron dinero en efectivo a cambio de liberar a su hijo sano y salvo.<\/p>\n<p>Con esta informaci\u00f3n, el Grupo Especializado Antisecuestros de la Polic\u00eda de Investigaci\u00f3n se hizo allegar de todos los datos relevantes para la indagatoria, con el prop\u00f3sito de trazar diferentes l\u00edneas de investigaci\u00f3n que los condujeran a conocer el paradero del menor.<\/p>\n<p>Aunado a esto, la PGJE cont\u00f3 con el apoyo de la Agencia de Investigaci\u00f3n Criminal adscrita a la Procuradur\u00eda General de la Rep\u00fablica (PGR), instancia que realiz\u00f3 un an\u00e1lisis minucioso de datos y cruce de informaci\u00f3n, que permiti\u00f3 conocer que la v\u00edctima, as\u00ed como los probables responsables podr\u00edan ser ubicados en el municipio de Tlaxcala.<\/p>\n<p>Asimismo, la Polic\u00eda de Investigaci\u00f3n fue informada que el 26 de febrero, los sospechosos efectuar\u00edan una llamada para cobrar el rescate.<\/p>\n<p>Por lo anterior, los detectives montaron un operativo t\u00e1ctico la ma\u00f1ana de la fecha marcada en el acceso a la Unidad Habitacional Felipe Xicoht\u00e9ncatl, en la capital de la entidad, espec\u00edficamente en una caseta telef\u00f3nica, ya que de acuerdo a las pesquisas, ah\u00ed era el punto donde realizar\u00edan la llamada.<\/p>\n<p>Poco despu\u00e9s, observaron a dos sujetos que se acercaron el telef\u00f3nico p\u00fablico, al tiempo que la madre recibi\u00f3 la llamada de los plagiarios. Ante esta situaci\u00f3n, los oficiales de la Polic\u00eda de Investigaci\u00f3n capturaron en flagrancia a Daleth Germ\u00e1n Za\u00ednos Ju\u00e1rez, y Daniel Alexis Molina D\u00edaz, ambos de 20 a\u00f1os de edad.<\/p>\n<p>Posteriormente, los imputados fueron puestos a disposici\u00f3n del Representante Social\u00a0 por el delito de secuestro agravado; del mismo modo, durante sus declaraciones, Za\u00ednos Ju\u00e1rez confes\u00f3 haber privado de la libertad a su propio primo en complicidad con Molina D\u00edaz, cuando el menor sali\u00f3 de la escuela, adem\u00e1s de que el mismo d\u00eda del secuestro, asesinaron a la v\u00edctima y abandonaron el cad\u00e1ver en un terreno ubicado en la colonia La Joya.<\/p>\n<p>De inmediato, los especialistas adscritos a la Procuradur\u00eda de Tlaxcala se constituyeron al lugar referido por los hoy indiciados, donde efectivamente localizaron el cuerpo del menor en el interior de un lote bald\u00edo ubicado en la calle Rub\u00ed Sur, de dicha delegaci\u00f3n.<\/p>\n<p>Acto seguido, ejecutaron las diligencias correspondientes del levantamiento del cad\u00e1ver y lo trasladaron al Servicio M\u00e9dico Forense (Semefo) anexo a la PGJE, donde realizaron la necropsia de ley, la cual arroj\u00f3 como causa de muerte asfixia mec\u00e1nica por estrangulamiento.<\/p>\n<p>Con todos los medios de prueba, el fiscal integr\u00f3 la Averiguaci\u00f3n Previa correspondiente, que permiti\u00f3 consignar la indagatoria ante el Juez de la causa, al tiempo que Daleth Germ\u00e1n Za\u00ednos Ju\u00e1rez y Daniel Alexis Molina D\u00edaz, fueron recluidos en el Centro de Reinserci\u00f3n Social (Cereso) desde donde enfrentar\u00e1n su proceso penal y podr\u00edan purgar un condena de entre cincuenta y cien a\u00f1os de prisi\u00f3n.<\/p>\n","protected":false},"excerpt":{"rendered":"<p>Resultado de una acci\u00f3n contundente en la lucha frontal contra la delincuencia, la Procuradur\u00eda General de Justicia del Estado (PGJE), a trav\u00e9s del Grupo Especializado Antisecuestros de la Polic\u00eda de Investigaci\u00f3n, esclareci\u00f3 el secuestro y homicidio de un menor de 13 a\u00f1os de edad, quien fue plagiado el 25 de enero por dos sujetos y ultimado horas despu\u00e9s por ellos mismos.<br \/>\nLa confianza depositada en la dependencia encargada de procurar justicia permiti\u00f3 que el 25 de enero, la madre del afectado interpusiera la denuncia correspondiente ante el Agente del Ministerio P\u00fablico, por el secuestro de su primog\u00e9nito.<\/p>\n","protected":false},"author":2,"featured_media":42491,"comment_status":"open","ping_status":"open","sticky":false,"template":"","format":"standard","meta":{"footnotes":""},"categories":[4],"tags":[],"class_list":["post-42490","post","type-post","status-publish","format-standard","has-post-thumbnail","hentry","category-local"],"_links":{"self":[{"href":"https:\/\/www.contextosdigital.com\/index.php?rest_route=\/wp\/v2\/posts\/42490","targetHints":{"allow":["GET"]}}],"collection":[{"href":"https:\/\/www.contextosdigital.com\/index.php?rest_route=\/wp\/v2\/posts"}],"about":[{"href":"https:\/\/www.contextosdigital.com\/index.php?rest_route=\/wp\/v2\/types\/post"}],"author":[{"embeddable":true,"href":"https:\/\/www.contextosdigital.com\/index.php?rest_route=\/wp\/v2\/users\/2"}],"replies":[{"embeddable":true,"href":"https:\/\/www.contextosdigital.com\/index.php?rest_route=%2Fwp%2Fv2%2Fcomments&post=42490"}],"version-history":[{"count":1,"href":"https:\/\/www.contextosdigital.com\/index.php?rest_route=\/wp\/v2\/posts\/42490\/revisions"}],"predecessor-version":[{"id":42492,"href":"https:\/\/www.contextosdigital.com\/index.php?rest_route=\/wp\/v2\/posts\/42490\/revisions\/42492"}],"wp:featuredmedia":[{"embeddable":true,"href":"https:\/\/www.contextosdigital.com\/index.php?rest_route=\/wp\/v2\/media\/42491"}],"wp:attachment":[{"href":"https:\/\/www.contextosdigital.com\/index.php?rest_route=%2Fwp%2Fv2%2Fmedia&parent=42490"}],"wp:term":[{"taxonomy":"category","embeddable":true,"href":"https:\/\/www.contextosdigital.com\/index.php?rest_route=%2Fwp%2Fv2%2Fcategories&post=42490"},{"taxonomy":"post_tag","embeddable":true,"href":"https:\/\/www.contextosdigital.com\/index.php?rest_route=%2Fwp%2Fv2%2Ftags&post=42490"}],"curies":[{"name":"wp","href":"https:\/\/api.w.org\/{rel}","templated":true}]}}