{"id":42481,"date":"2016-02-29T09:43:46","date_gmt":"2016-02-29T14:43:46","guid":{"rendered":"http:\/\/www.contextosdigital.com\/?p=42481"},"modified":"2016-02-29T09:43:46","modified_gmt":"2016-02-29T14:43:46","slug":"mantiene-pgje-dialogo-directo-con-padres-de-menor-desaparecida","status":"publish","type":"post","link":"https:\/\/www.contextosdigital.com\/?p=42481","title":{"rendered":"Mantiene PGJE di\u00e1logo directo con padres de menor desaparecida"},"content":{"rendered":"<p>La Procuradora General de Justicia del Estado, Alicia Fragoso S\u00e1nchez, se reuni\u00f3 por cuarta ocasi\u00f3n con los padres de la menor Karla N., originaria de San Pablo del Monte, as\u00ed como de sus asesores legales, con la finalidad de estrechar lazos de comunicaci\u00f3n que permitan obtener de manera conjunta informaci\u00f3n relevante sobre el paradero de la agraviada.<\/p>\n<p>Acompa\u00f1ada del Subprocurador de Operaciones, V\u00edctor P\u00e9rez Dorantes, de la Jefa del Departamento de Investigaci\u00f3n del Delito, Mariana Morales S\u00e1nchez; del encargado del Departamento de la Polic\u00eda de Investigaci\u00f3n, Inspector Jefe C\u00e9sar Maza Rodr\u00edguez, del Jefe del Departamento de Servicios Periciales, Nahu Ju\u00e1rez Meza, del enlace del Programa Alerta Amber, Anel Myriam Quiroz Zecua, y del presidente municipal de San Pablo del Monte, Jos\u00e9 Isabel Rojas Xahuentitla, Fragoso S\u00e1nchez inform\u00f3 los avances de cada una de las \u00e1reas especializadas encargadas de la b\u00fasqueda.<\/p>\n<p>Del mismo modo, los mandos de la PGJE notificaron a los padres de la afectada acerca del operativo realizado hace unos d\u00edas en las inmediaciones del municipio de San Pablo, en el cual se utiliz\u00f3 apoyo a\u00e9reo y terrestre de diferentes corporaciones de seguridad en la entidad, con la finalidad de recabar cualquier tipo de indicio que beneficie a la investigaci\u00f3n.<\/p>\n<p>Aunado a ello, la Procuradora de Tlaxcala sostuvo que, en d\u00edas pasados, asisti\u00f3 a la Primera Sesi\u00f3n Ordinaria 2016 de la Conferencia Nacional de Procuraci\u00f3n de Justicia Zona Centro, que se efectu\u00f3 en el estado de Puebla y que fue presidida por la Procuradora General de la Rep\u00fablica, Arely G\u00f3mez Gonz\u00e1lez, y ah\u00ed aprovech\u00f3\u00a0 para detallar a sus hom\u00f3logos la situaci\u00f3n de la menor desaparecida, al tiempo que solicit\u00f3 su apoyo, a fin de sumar esfuerzos para su localizaci\u00f3n, a pesar de que ya existe la colaboraci\u00f3n correspondiente en las 32 entidades de la rep\u00fablica.<\/p>\n<p>En respuesta, los procuradores de la zona centro informaron que han brindado todas las facilidades con el prop\u00f3sito de coadyuvar con la investigaci\u00f3n, desde el \u00e1mbito de su competencia.<\/p>\n<p>Para finalizar, Fragoso S\u00e1nchez refrend\u00f3 el compromiso de continuar con acciones y estrategias contundentes sin escatimar recursos, que permitan localizar a la menor.<\/p>\n","protected":false},"excerpt":{"rendered":"<p>La Procuradora General de Justicia del Estado, Alicia Fragoso S\u00e1nchez, se reuni\u00f3 por cuarta ocasi\u00f3n con los padres de la menor Karla N., originaria de San Pablo del Monte, as\u00ed como de sus asesores legales, con la finalidad de estrechar lazos de comunicaci\u00f3n que permitan obtener de manera conjunta informaci\u00f3n relevante sobre el paradero de la agraviada.<br \/>\nAcompa\u00f1ada del Subprocurador de Operaciones, V\u00edctor P\u00e9rez Dorantes, de la Jefa del Departamento de Investigaci\u00f3n del Delito, Mariana Morales S\u00e1nchez; del encargado del Departamento de la Polic\u00eda de Investigaci\u00f3n, Inspector Jefe C\u00e9sar Maza Rodr\u00edguez, del Jefe del Departamento de Servicios Periciales, Nahu Ju\u00e1rez Meza, del enlace del Programa Alerta Amber, Anel Myriam Quiroz Zecua, y del presidente municipal de San Pablo del Monte, Jos\u00e9 Isabel Rojas Xahuentitla, Fragoso S\u00e1nchez inform\u00f3 los avances de cada una de las \u00e1reas especializadas encargadas de la b\u00fasqueda.<\/p>\n","protected":false},"author":2,"featured_media":42482,"comment_status":"open","ping_status":"open","sticky":false,"template":"","format":"standard","meta":{"footnotes":""},"categories":[4],"tags":[],"class_list":["post-42481","post","type-post","status-publish","format-standard","has-post-thumbnail","hentry","category-local"],"_links":{"self":[{"href":"https:\/\/www.contextosdigital.com\/index.php?rest_route=\/wp\/v2\/posts\/42481","targetHints":{"allow":["GET"]}}],"collection":[{"href":"https:\/\/www.contextosdigital.com\/index.php?rest_route=\/wp\/v2\/posts"}],"about":[{"href":"https:\/\/www.contextosdigital.com\/index.php?rest_route=\/wp\/v2\/types\/post"}],"author":[{"embeddable":true,"href":"https:\/\/www.contextosdigital.com\/index.php?rest_route=\/wp\/v2\/users\/2"}],"replies":[{"embeddable":true,"href":"https:\/\/www.contextosdigital.com\/index.php?rest_route=%2Fwp%2Fv2%2Fcomments&post=42481"}],"version-history":[{"count":1,"href":"https:\/\/www.contextosdigital.com\/index.php?rest_route=\/wp\/v2\/posts\/42481\/revisions"}],"predecessor-version":[{"id":42483,"href":"https:\/\/www.contextosdigital.com\/index.php?rest_route=\/wp\/v2\/posts\/42481\/revisions\/42483"}],"wp:featuredmedia":[{"embeddable":true,"href":"https:\/\/www.contextosdigital.com\/index.php?rest_route=\/wp\/v2\/media\/42482"}],"wp:attachment":[{"href":"https:\/\/www.contextosdigital.com\/index.php?rest_route=%2Fwp%2Fv2%2Fmedia&parent=42481"}],"wp:term":[{"taxonomy":"category","embeddable":true,"href":"https:\/\/www.contextosdigital.com\/index.php?rest_route=%2Fwp%2Fv2%2Fcategories&post=42481"},{"taxonomy":"post_tag","embeddable":true,"href":"https:\/\/www.contextosdigital.com\/index.php?rest_route=%2Fwp%2Fv2%2Ftags&post=42481"}],"curies":[{"name":"wp","href":"https:\/\/api.w.org\/{rel}","templated":true}]}}