{"id":42475,"date":"2016-02-29T09:39:59","date_gmt":"2016-02-29T14:39:59","guid":{"rendered":"http:\/\/www.contextosdigital.com\/?p=42475"},"modified":"2016-02-29T09:39:59","modified_gmt":"2016-02-29T14:39:59","slug":"colabora-chiautempan-en-operativo-para-prevenir-tala-ilegal-de-arboles","status":"publish","type":"post","link":"https:\/\/www.contextosdigital.com\/?p=42475","title":{"rendered":"Colabora Chiautempan en operativo para prevenir tala ilegal de \u00e1rboles."},"content":{"rendered":"<p>Como parte de las actividades en las que colabora la direcci\u00f3n de Seguridad p\u00fablica de Chiautempan, el pasado mi\u00e9rcoles 24 de febrero, elementos de la polic\u00eda municipal coordinaron trabajos con Seguridad Estatal y la Procuradur\u00eda Federal de Protecci\u00f3n al Ambiente PROFEPA en un operativo implementado para prevenir la tala ilegal de \u00e1rboles.<\/p>\n<p>As\u00ed lo coment\u00f3 el comandante y director de la polic\u00eda municipal, Gonz\u00e1lo Mart\u00ednez Caricio, quien adem\u00e1s abund\u00f3 que dicho operativo se realiz\u00f3 en la carretera perimetral y aleda\u00f1a de la comunidad de San Rafael Tepatlaxco, con el objetivo de detectar a taladores y carboneros que se encuentren operando fuera de lo legal.<\/p>\n<p>Al finalizar, Mart\u00ednez Caricio coment\u00f3 que se concluy\u00f3 sin novedad, y que estas actividades ayudan a mantener un ambiente seguro para la comunidad.<\/p>\n","protected":false},"excerpt":{"rendered":"<p>Como parte de las actividades en las que colabora la direcci\u00f3n de Seguridad p\u00fablica de Chiautempan, el pasado mi\u00e9rcoles 24 de febrero, elementos de la polic\u00eda municipal coordinaron trabajos con Seguridad Estatal y la Procuradur\u00eda Federal de Protecci\u00f3n al Ambiente PROFEPA en un operativo implementado para prevenir la tala ilegal de \u00e1rboles.<br \/>\nAs\u00ed lo coment\u00f3 el comandante y director de la polic\u00eda municipal, Gonz\u00e1lo Mart\u00ednez Caricio, quien adem\u00e1s abund\u00f3 que dicho operativo se realiz\u00f3 en la carretera perimetral y aleda\u00f1a de la comunidad de San Rafael Tepatlaxco, con el objetivo de detectar a taladores y carboneros que se encuentren operando fuera de lo legal.<\/p>\n","protected":false},"author":2,"featured_media":42476,"comment_status":"open","ping_status":"open","sticky":false,"template":"","format":"standard","meta":{"footnotes":""},"categories":[4],"tags":[],"class_list":["post-42475","post","type-post","status-publish","format-standard","has-post-thumbnail","hentry","category-local"],"_links":{"self":[{"href":"https:\/\/www.contextosdigital.com\/index.php?rest_route=\/wp\/v2\/posts\/42475","targetHints":{"allow":["GET"]}}],"collection":[{"href":"https:\/\/www.contextosdigital.com\/index.php?rest_route=\/wp\/v2\/posts"}],"about":[{"href":"https:\/\/www.contextosdigital.com\/index.php?rest_route=\/wp\/v2\/types\/post"}],"author":[{"embeddable":true,"href":"https:\/\/www.contextosdigital.com\/index.php?rest_route=\/wp\/v2\/users\/2"}],"replies":[{"embeddable":true,"href":"https:\/\/www.contextosdigital.com\/index.php?rest_route=%2Fwp%2Fv2%2Fcomments&post=42475"}],"version-history":[{"count":1,"href":"https:\/\/www.contextosdigital.com\/index.php?rest_route=\/wp\/v2\/posts\/42475\/revisions"}],"predecessor-version":[{"id":42477,"href":"https:\/\/www.contextosdigital.com\/index.php?rest_route=\/wp\/v2\/posts\/42475\/revisions\/42477"}],"wp:featuredmedia":[{"embeddable":true,"href":"https:\/\/www.contextosdigital.com\/index.php?rest_route=\/wp\/v2\/media\/42476"}],"wp:attachment":[{"href":"https:\/\/www.contextosdigital.com\/index.php?rest_route=%2Fwp%2Fv2%2Fmedia&parent=42475"}],"wp:term":[{"taxonomy":"category","embeddable":true,"href":"https:\/\/www.contextosdigital.com\/index.php?rest_route=%2Fwp%2Fv2%2Fcategories&post=42475"},{"taxonomy":"post_tag","embeddable":true,"href":"https:\/\/www.contextosdigital.com\/index.php?rest_route=%2Fwp%2Fv2%2Ftags&post=42475"}],"curies":[{"name":"wp","href":"https:\/\/api.w.org\/{rel}","templated":true}]}}