{"id":42467,"date":"2016-02-26T09:27:37","date_gmt":"2016-02-26T14:27:37","guid":{"rendered":"http:\/\/www.contextosdigital.com\/?p=42467"},"modified":"2016-02-26T09:27:37","modified_gmt":"2016-02-26T14:27:37","slug":"comparten-empresas-exportadoras-sus-casos-de-exito","status":"publish","type":"post","link":"https:\/\/www.contextosdigital.com\/?p=42467","title":{"rendered":"Comparten empresas exportadoras sus casos de \u00e9xito"},"content":{"rendered":"<p>Con la finalidad de compartir estrategias de crecimiento entre empresarios, el Gobierno del Estado en coordinaci\u00f3n con ProM\u00e9xico Global llevaron a cabo este jueves el \u201cForo Casos de \u00c9xito de Empresas Exportadoras apoyadas por el Gobierno Federal\u201d, en el que participaron 150 personas entre emprendedores, estudiantes e industriales.<\/p>\n<p>Al inaugurar el evento en el Teatro Xicoht\u00e9ncatl, la Secretaria de Turismo y Desarrollo Econ\u00f3mico, Kathya Torres V\u00e1zquez, destac\u00f3 que el Gobierno de Mariano Gonz\u00e1lez Zarur, desde 2011, ha sido un aliado estrat\u00e9gico de los inversionistas, por lo cual en esta ocasi\u00f3n el foro permiti\u00f3 intercambiar historias de \u00e9xito.<\/p>\n<p>Subray\u00f3 tambi\u00e9n como logro de la presente administraci\u00f3n, la coordinaci\u00f3n y comunicaci\u00f3n que existe con ProM\u00e9xico Global, lo que propici\u00f3 la promoci\u00f3n de las ventajas competitivas de la entidad, pues ambos tienen como meta fortalecer el desarrollo econ\u00f3mico y social del pa\u00eds y del Estado.<\/p>\n<p>Durante el foro se presentaron ocho testimoniales de empresas exportadoras: Grupo Textil Providencia, Smartsoft Business Aplication, Metapol, Resirene, Euwe Eugen Wexler de M\u00e9xico, Trefilados Inoxidables de M\u00e9xico, Global Flock de M\u00e9xico y Metal\u00fargica Artesanal.<\/p>\n<p>Previamente, el Director Ejecutivo de Promoci\u00f3n Nacional de ProM\u00e9xico, Carlos Salgado Espinosa, agradeci\u00f3 la coordinaci\u00f3n que el Gobierno de Gonz\u00e1lez Zarur ha llevado con la administraci\u00f3n federal para impulsar estos foros que permiten a las empresas locales conocer estrategias que pueden implementar para hacer crecer sus negocios.<\/p>\n<p>De igual manera, abund\u00f3 que luego del Tratado de Libre Comercio firmado por M\u00e9xico, a la fecha estas ocho firmas exportan a pa\u00edses europeos, centroamericanos, as\u00ed como del continente asi\u00e1tico, por lo que exhort\u00f3 a los empresarios que a\u00fan no lo hacen a poner en marcha estos consejos para lograrlo.<\/p>\n<p>Luego del protocolo de inauguraci\u00f3n, Jos\u00e9 Antonio Torre Lamu\u00f1o, Director de Textil Hogar, del Grupo Providencia, detall\u00f3 los or\u00edgenes de la firma tlaxcalteca, ah\u00ed refiri\u00f3 tambi\u00e9n que la innovaci\u00f3n y la versatilidad son algunas de las estrategias que los han consolidado ante el mercado global.<\/p>\n<p>Asimismo, invit\u00f3 a los empresarios a acercarse al Gobierno del Estado y a ProM\u00e9xico Global, pues acentu\u00f3 que ambas instancias apoyaron al Grupo Textil Providencia para participar en ferias internacionales, lo que les permite ser exportadores ya en 20 pa\u00edses, entre los que se encuentran: Estados Unidos, Canad\u00e1, Taiw\u00e1n, China, Reino Unido, Espa\u00f1a, as\u00ed como Colombia, Venezuela, Costa Rica, Per\u00fa, Chile, Uruguay y Brasil, entre otros.<\/p>\n<p>En el evento estuvieron presentes el delegado de la Secretar\u00eda de Econom\u00eda, Daniel Corona Moctezuma, as\u00ed como representantes de empresas como Audi M\u00e9xico, Greenbrier, Sebn\u2019Mx, de las C\u00e1maras Nacional de Comercio, Servicios y Turismo (Canaco), y de la Industria de Transformaci\u00f3n Delegaci\u00f3n Tlaxcala (Canacintra), e instituciones educativas.<\/p>\n","protected":false},"excerpt":{"rendered":"<p>Con la finalidad de compartir estrategias de crecimiento entre empresarios, el Gobierno del Estado en coordinaci\u00f3n con ProM\u00e9xico Global llevaron a cabo este jueves el \u201cForo Casos de \u00c9xito de Empresas Exportadoras apoyadas por el Gobierno Federal\u201d, en el que participaron 150 personas entre emprendedores, estudiantes e industriales.<br \/>\nAl inaugurar el evento en el Teatro Xicoht\u00e9ncatl, la Secretaria de Turismo y Desarrollo Econ\u00f3mico, Kathya Torres V\u00e1zquez, destac\u00f3 que el Gobierno de Mariano Gonz\u00e1lez Zarur, desde 2011, ha sido un aliado estrat\u00e9gico de los inversionistas, por lo cual en esta ocasi\u00f3n el foro permiti\u00f3 intercambiar historias de \u00e9xito.<br \/>\nSubray\u00f3 tambi\u00e9n como logro de la presente administraci\u00f3n, la coordinaci\u00f3n y comunicaci\u00f3n que existe con ProM\u00e9xico Global, lo que propici\u00f3 la promoci\u00f3n de las ventajas competitivas de la entidad, pues ambos tienen como meta fortalecer el desarrollo econ\u00f3mico y social del pa\u00eds y del Estado.<\/p>\n","protected":false},"author":2,"featured_media":42468,"comment_status":"open","ping_status":"open","sticky":false,"template":"","format":"standard","meta":{"footnotes":""},"categories":[4],"tags":[],"class_list":["post-42467","post","type-post","status-publish","format-standard","has-post-thumbnail","hentry","category-local"],"_links":{"self":[{"href":"https:\/\/www.contextosdigital.com\/index.php?rest_route=\/wp\/v2\/posts\/42467","targetHints":{"allow":["GET"]}}],"collection":[{"href":"https:\/\/www.contextosdigital.com\/index.php?rest_route=\/wp\/v2\/posts"}],"about":[{"href":"https:\/\/www.contextosdigital.com\/index.php?rest_route=\/wp\/v2\/types\/post"}],"author":[{"embeddable":true,"href":"https:\/\/www.contextosdigital.com\/index.php?rest_route=\/wp\/v2\/users\/2"}],"replies":[{"embeddable":true,"href":"https:\/\/www.contextosdigital.com\/index.php?rest_route=%2Fwp%2Fv2%2Fcomments&post=42467"}],"version-history":[{"count":1,"href":"https:\/\/www.contextosdigital.com\/index.php?rest_route=\/wp\/v2\/posts\/42467\/revisions"}],"predecessor-version":[{"id":42469,"href":"https:\/\/www.contextosdigital.com\/index.php?rest_route=\/wp\/v2\/posts\/42467\/revisions\/42469"}],"wp:featuredmedia":[{"embeddable":true,"href":"https:\/\/www.contextosdigital.com\/index.php?rest_route=\/wp\/v2\/media\/42468"}],"wp:attachment":[{"href":"https:\/\/www.contextosdigital.com\/index.php?rest_route=%2Fwp%2Fv2%2Fmedia&parent=42467"}],"wp:term":[{"taxonomy":"category","embeddable":true,"href":"https:\/\/www.contextosdigital.com\/index.php?rest_route=%2Fwp%2Fv2%2Fcategories&post=42467"},{"taxonomy":"post_tag","embeddable":true,"href":"https:\/\/www.contextosdigital.com\/index.php?rest_route=%2Fwp%2Fv2%2Ftags&post=42467"}],"curies":[{"name":"wp","href":"https:\/\/api.w.org\/{rel}","templated":true}]}}