{"id":42464,"date":"2016-02-26T09:26:30","date_gmt":"2016-02-26T14:26:30","guid":{"rendered":"http:\/\/www.contextosdigital.com\/?p=42464"},"modified":"2016-02-26T09:26:30","modified_gmt":"2016-02-26T14:26:30","slug":"inauguran-exposicion-colectiva-arte-con-vida-de-alumnos-de-la-licenciatura-en-artes-visuales-de-la-uat","status":"publish","type":"post","link":"https:\/\/www.contextosdigital.com\/?p=42464","title":{"rendered":"Inauguran exposici\u00f3n colectiva \u201cArte con vida\u201d de alumnos de la Licenciatura en Artes Visuales de la UAT"},"content":{"rendered":"<p>Como parte de la formaci\u00f3n integral que ofrece la Licenciatura en Artes Visuales que se imparte en la Facultad de Dise\u00f1o, Arte y Arquitectura, el Mtro. Antonio Durante Murillo, Secretario T\u00e9cnico, en representaci\u00f3n del Mtro. Rub\u00e9n Reyes C\u00f3rdoba, Rector de la Universidad Aut\u00f3noma de Tlaxcala (UAT), inaugur\u00f3 la exposici\u00f3n colectiva \u201cArte con vida\u201d, montada por estudiantes de segundo y cuarto semestre en el lobby del Hotel Misi\u00f3n de Atlihuetzia.<\/p>\n<p>Ante la presencia del Lic. Maximino Acoltzi Nava, Director de la Facultad, catedr\u00e1ticos, alumnos y familiares, el Mtro. Durante Murillo mencion\u00f3 que dentro de las actividades acad\u00e9micas que se llevan a cabo en la Universidad, el Modelo Humanista Integrador basado en Competencias (MIHC), juega un papel importante para que los futuros profesionistas se formen con un amplio criterio, confluyendo en \u00e9l todas las unidades de aprendizaje.<\/p>\n<p>En este sentido, felicit\u00f3 a toda la comunidad de la Facultad de Dise\u00f1o, Arte y Arquitectura por el trabajo serio y comprometido que realiza, as\u00ed como por contribuir con ello al engrandecimiento de la Aut\u00f3noma de Tlaxcala.<\/p>\n<p>En su oportunidad, el Arq. Gilberto Reyes Zepeda, Coordinador de la Licenciatura en Artes Visuales, dijo que la exhibici\u00f3n est\u00e1 enfocada a exaltar los sentires y saberes de los estudiantes que muestran su trabajo, el que refleja lo aprendido durante el tiempo que llevan cursando su carrera profesional.<\/p>\n<p>La exposici\u00f3n colectiva \u201cArte con vida\u201d est\u00e1 conformada por el trabajo de 30 educandos de la Licenciatura, y todas las obras son producto de las actividades realizadas en las diferentes materias de su programa acad\u00e9mico, elaboradas en diferentes t\u00e9cnicas, tales como: carb\u00f3n, \u00f3leo, bol\u00edgrafo, acr\u00edlico y t\u00e9cnicas mixtas.<\/p>\n<p>Los j\u00f3venes autores expresan en sus obras, adem\u00e1s de la t\u00e9cnica, los sentimientos que la vida cotidiana les despierta, as\u00ed como aspectos aleg\u00f3ricos de la misma, por ejemplo: belleza, desencanto, misticismo, orgullo y tranquilidad.<\/p>\n","protected":false},"excerpt":{"rendered":"<p>Como parte de la formaci\u00f3n integral que ofrece la Licenciatura en Artes Visuales que se imparte en la Facultad de Dise\u00f1o, Arte y Arquitectura, el Mtro. Antonio Durante Murillo, Secretario T\u00e9cnico, en representaci\u00f3n del Mtro. Rub\u00e9n Reyes C\u00f3rdoba, Rector de la Universidad Aut\u00f3noma de Tlaxcala (UAT), inaugur\u00f3 la exposici\u00f3n colectiva \u201cArte con vida\u201d, montada por estudiantes de segundo y cuarto semestre en el lobby del Hotel Misi\u00f3n de Atlihuetzia.<br \/>\n Ante la presencia del Lic. Maximino Acoltzi Nava, Director de la Facultad, catedr\u00e1ticos, alumnos y familiares, el Mtro. Durante Murillo mencion\u00f3 que dentro de las actividades acad\u00e9micas que se llevan a cabo en la Universidad, el Modelo Humanista Integrador basado en Competencias (MIHC), juega un papel importante para que los futuros profesionistas se formen con un amplio criterio, confluyendo en \u00e9l todas las unidades de aprendizaje.<\/p>\n","protected":false},"author":2,"featured_media":42465,"comment_status":"open","ping_status":"open","sticky":false,"template":"","format":"standard","meta":{"footnotes":""},"categories":[4],"tags":[],"class_list":["post-42464","post","type-post","status-publish","format-standard","has-post-thumbnail","hentry","category-local"],"_links":{"self":[{"href":"https:\/\/www.contextosdigital.com\/index.php?rest_route=\/wp\/v2\/posts\/42464","targetHints":{"allow":["GET"]}}],"collection":[{"href":"https:\/\/www.contextosdigital.com\/index.php?rest_route=\/wp\/v2\/posts"}],"about":[{"href":"https:\/\/www.contextosdigital.com\/index.php?rest_route=\/wp\/v2\/types\/post"}],"author":[{"embeddable":true,"href":"https:\/\/www.contextosdigital.com\/index.php?rest_route=\/wp\/v2\/users\/2"}],"replies":[{"embeddable":true,"href":"https:\/\/www.contextosdigital.com\/index.php?rest_route=%2Fwp%2Fv2%2Fcomments&post=42464"}],"version-history":[{"count":1,"href":"https:\/\/www.contextosdigital.com\/index.php?rest_route=\/wp\/v2\/posts\/42464\/revisions"}],"predecessor-version":[{"id":42466,"href":"https:\/\/www.contextosdigital.com\/index.php?rest_route=\/wp\/v2\/posts\/42464\/revisions\/42466"}],"wp:featuredmedia":[{"embeddable":true,"href":"https:\/\/www.contextosdigital.com\/index.php?rest_route=\/wp\/v2\/media\/42465"}],"wp:attachment":[{"href":"https:\/\/www.contextosdigital.com\/index.php?rest_route=%2Fwp%2Fv2%2Fmedia&parent=42464"}],"wp:term":[{"taxonomy":"category","embeddable":true,"href":"https:\/\/www.contextosdigital.com\/index.php?rest_route=%2Fwp%2Fv2%2Fcategories&post=42464"},{"taxonomy":"post_tag","embeddable":true,"href":"https:\/\/www.contextosdigital.com\/index.php?rest_route=%2Fwp%2Fv2%2Ftags&post=42464"}],"curies":[{"name":"wp","href":"https:\/\/api.w.org\/{rel}","templated":true}]}}