{"id":42461,"date":"2016-02-26T09:25:23","date_gmt":"2016-02-26T14:25:23","guid":{"rendered":"http:\/\/www.contextosdigital.com\/?p=42461"},"modified":"2016-02-26T09:25:23","modified_gmt":"2016-02-26T14:25:23","slug":"encabeza-mgf-ceremonia-por-el-70-aniversario-del-hospital-general-de-tlaxcala","status":"publish","type":"post","link":"https:\/\/www.contextosdigital.com\/?p=42461","title":{"rendered":"Encabeza MGF ceremonia por el 70 aniversario del Hospital General de Tlaxcala"},"content":{"rendered":"<p>La Presidente Honor\u00edfica del Sistema Estatal para el Desarrollo Integral de la Familia (DIF), Mariana Gonz\u00e1lez Foullon, encabez\u00f3 este jueves la ceremonia de conmemoraci\u00f3n por el 70 aniversario del Hospital General de Tlaxcala \u201cMiguel Lima Ram\u00edrez\u201d.<\/p>\n<p>En su mensaje, la Presidente reconoci\u00f3 el esfuerzo de cada generaci\u00f3n de m\u00e9dicos y enfermeras que contribuyeron a mejorar la salud de la poblaci\u00f3n tlaxcalteca en el transcurso de los a\u00f1os, acciones que se fortalecen en la presente administraci\u00f3n estatal que encabeza Mariano Gonz\u00e1lez Zarur, pues uno de sus principales compromisos es elevar la calidad de vida de la poblaci\u00f3n.<\/p>\n<p>Asimismo, enfatiz\u00f3 que el Gobierno del Estado, a trav\u00e9s de la Secretar\u00eda de Salud (Sesa), trabaja por que este nosocomio cuente con el equipo adecuado, as\u00ed como personal altamente capacitado, a fin de brindar atenci\u00f3n oportuna, eficaz y de gran calidad a los tlaxcaltecas que solicitan los servicios.<\/p>\n<p>Por su parte, el titular del ramo, Alejandro Guarneros Chumacero, hizo hincapi\u00e9 en que este hospital se mantiene como uno de los m\u00e1s solicitados por los tlaxcaltecas, por lo que la mejora de su infraestructura y capacitaci\u00f3n al personal es continua, a fin de responder a las necesidades actuales de la poblaci\u00f3n.<\/p>\n<p>El funcionario recalc\u00f3 que hoy d\u00eda, el Hospital General de Tlaxcala es un referente de salud en el Estado y as\u00ed se mantendr\u00e1, pues la instrucci\u00f3n del Mandatario, Gonz\u00e1lez Zarur, es que la cobertura en servicios m\u00e9dicos sea universal y de gran calidad.<\/p>\n<p>\u201cEl Gobernador Mariano Gonz\u00e1lez Zarur, consciente de la importancia de este hospital en la vida de los tlaxcaltecas, ha facilitado la creaci\u00f3n de nuevas especialidades y mejora de sus servicios\u201d, sostuvo el secretario.<\/p>\n<p>Cabe mencionar que en el marco de este aniversario del hospital, se lleva a cabo un congreso conmemorativo, el cual fue inaugurado por la Presidente Honor\u00edfica del DIF estatal.<\/p>\n<p>Estas actividades tendr\u00e1n lugar este jueves y viernes y abordar\u00e1n temas relacionados con la evaluaci\u00f3n de este hospital y su atenci\u00f3n de diversas patolog\u00edas.<\/p>\n<p>Antes del evento protocolario, el director del nosocomio, Jos\u00e9 G\u00f3mez Gonz\u00e1lez, dio una semblanza de este sitio, y por su parte el director del Museo de Arte de Tlaxcala (MAT), Armando D\u00edaz de la Mora, elabor\u00f3\u00a0 un recorrido cronol\u00f3gico de este sitio, pronunciado por la m\u00e9dico Carmina Toriz Lira.<\/p>\n<p>En el evento estuvieron presentes: Blanca \u00c1guila Lima, dirigente de la secci\u00f3n 27 del Sindicato Nacional de Trabajadores de la Secretar\u00eda de Salud (Sntsa); Gregoria Ram\u00edrez Torres, en representaci\u00f3n del r\u00e9gimen estatal de la Sesa, as\u00ed como enfermeras, m\u00e9dicos y p\u00fablico en general.<\/p>\n","protected":false},"excerpt":{"rendered":"<p>La Presidente Honor\u00edfica del Sistema Estatal para el Desarrollo Integral de la Familia (DIF), Mariana Gonz\u00e1lez Foullon, encabez\u00f3 este jueves la ceremonia de conmemoraci\u00f3n por el 70 aniversario del Hospital General de Tlaxcala \u201cMiguel Lima Ram\u00edrez\u201d.<br \/>\nEn su mensaje, la Presidente reconoci\u00f3 el esfuerzo de cada generaci\u00f3n de m\u00e9dicos y enfermeras que contribuyeron a mejorar la salud de la poblaci\u00f3n tlaxcalteca en el transcurso de los a\u00f1os, acciones que se fortalecen en la presente administraci\u00f3n estatal que encabeza Mariano Gonz\u00e1lez Zarur, pues uno de sus principales compromisos es elevar la calidad de vida de la poblaci\u00f3n.<br \/>\nAsimismo, enfatiz\u00f3 que el Gobierno del Estado, a trav\u00e9s de la Secretar\u00eda de Salud (Sesa), trabaja por que este nosocomio cuente con el equipo adecuado, as\u00ed como personal altamente capacitado<\/p>\n","protected":false},"author":2,"featured_media":42462,"comment_status":"open","ping_status":"open","sticky":false,"template":"","format":"standard","meta":{"footnotes":""},"categories":[4],"tags":[],"class_list":["post-42461","post","type-post","status-publish","format-standard","has-post-thumbnail","hentry","category-local"],"_links":{"self":[{"href":"https:\/\/www.contextosdigital.com\/index.php?rest_route=\/wp\/v2\/posts\/42461","targetHints":{"allow":["GET"]}}],"collection":[{"href":"https:\/\/www.contextosdigital.com\/index.php?rest_route=\/wp\/v2\/posts"}],"about":[{"href":"https:\/\/www.contextosdigital.com\/index.php?rest_route=\/wp\/v2\/types\/post"}],"author":[{"embeddable":true,"href":"https:\/\/www.contextosdigital.com\/index.php?rest_route=\/wp\/v2\/users\/2"}],"replies":[{"embeddable":true,"href":"https:\/\/www.contextosdigital.com\/index.php?rest_route=%2Fwp%2Fv2%2Fcomments&post=42461"}],"version-history":[{"count":1,"href":"https:\/\/www.contextosdigital.com\/index.php?rest_route=\/wp\/v2\/posts\/42461\/revisions"}],"predecessor-version":[{"id":42463,"href":"https:\/\/www.contextosdigital.com\/index.php?rest_route=\/wp\/v2\/posts\/42461\/revisions\/42463"}],"wp:featuredmedia":[{"embeddable":true,"href":"https:\/\/www.contextosdigital.com\/index.php?rest_route=\/wp\/v2\/media\/42462"}],"wp:attachment":[{"href":"https:\/\/www.contextosdigital.com\/index.php?rest_route=%2Fwp%2Fv2%2Fmedia&parent=42461"}],"wp:term":[{"taxonomy":"category","embeddable":true,"href":"https:\/\/www.contextosdigital.com\/index.php?rest_route=%2Fwp%2Fv2%2Fcategories&post=42461"},{"taxonomy":"post_tag","embeddable":true,"href":"https:\/\/www.contextosdigital.com\/index.php?rest_route=%2Fwp%2Fv2%2Ftags&post=42461"}],"curies":[{"name":"wp","href":"https:\/\/api.w.org\/{rel}","templated":true}]}}