{"id":42455,"date":"2016-02-26T09:22:36","date_gmt":"2016-02-26T14:22:36","guid":{"rendered":"http:\/\/www.contextosdigital.com\/?p=42455"},"modified":"2016-02-26T09:22:36","modified_gmt":"2016-02-26T14:22:36","slug":"verifican-consejeros-nacionales-del-ine-avance-del-proceso-electoral-local-2015-2016","status":"publish","type":"post","link":"https:\/\/www.contextosdigital.com\/?p=42455","title":{"rendered":"Verifican  consejeros nacionales del INE avance del proceso electoral local 2015-2016"},"content":{"rendered":"<p>Con el prop\u00f3sito de conocer los pormenores del avance en la organizaci\u00f3n del Proceso Electoral Local 2015-2016 a 100 d\u00edas de su realizaci\u00f3n, este jueves, los consejeros electorales y miembros de la Comisi\u00f3n de Vinculaci\u00f3n con los Organismos P\u00fablicos Locales Electorales (OPLES) del Instituto Nacional Electoral (INE), Pamela San Mart\u00edn R\u00edos y Valles, Arturo S\u00e1nchez Guti\u00e9rrez y Jos\u00e9 Roberto Ruiz, visitaron la Junta Local Ejecutiva de Tlaxcala.<\/p>\n<p>La Sala de Sesiones del INE en el estado fue la sede de la reuni\u00f3n de trabajo sostenida por los funcionarios electorales federales con la estructura ejecutiva delegacional encabezada por el Vocal Ejecutivo, J. Jes\u00fas Lule Ortega, y con los miembros del Consejo General del Instituto Tlaxcalteca de Elecciones (ITE).<\/p>\n<p>En la sesi\u00f3n de trabajo, en la que tambi\u00e9n participaron los Vocales Ejecutivos Distritales y funcionarios de las Direcciones Ejecutivas de Organizaci\u00f3n Electoral, del Registro Federal de Electores (DERFE) y de Capacitaci\u00f3n Electoral y Educaci\u00f3n C\u00edvica (DECEYEC), el titular del INE en el estado, reconoci\u00f3 la importancia de la visita de los consejeros electorales, toda vez que es muestra de su inter\u00e9s por acompa\u00f1ar el desarrollo de los procesos locales de los que ahora forma parte el INE.<\/p>\n<p>De hecho, en su intervenci\u00f3n refrend\u00f3 el compromiso de la representaci\u00f3n del \u00f3rgano federal en Tlaxcala para continuar trabajando coordinadamente y en amplia comunicaci\u00f3n con el ITE a efecto de generar las condiciones para que el pr\u00f3ximo cinco de junio la ciudadan\u00eda tlaxcalteca ejerza su sufragio de manera efectiva.<\/p>\n<p>Tras el an\u00e1lisis y resoluci\u00f3n de diversos temas de inter\u00e9s del \u00f3rgano electoral local, Pamela San Mart\u00edn, Jos\u00e9 Roberto Ruiz y Arturo S\u00e1nchez hicieron hincapi\u00e9 en que solo a trav\u00e9s del trabajo conjunto entre el INE y el ITE las elecciones, en las que ser\u00e1n renovados el titular del Poder Ejecutivo, los miembros del Congreso local, los ayuntamientos y las presidencias de comunidad, ser\u00e1n exitosas.<\/p>\n<p>Es m\u00e1s, expresaron su intenci\u00f3n de realizar una nueva gira de trabajo por la entidad para observar de cerca el proceso electoral, pues Tlaxcala presenta caracter\u00edsticas especiales debido a la elecci\u00f3n de un cuarto nivel de gobierno, aspecto que para el organismo electoral federal es completamente nuevo e interesante.<\/p>\n<p>M\u00e1s tarde los consejeros federales sostuvieron una reuni\u00f3n con los miembros del Consejo Local del INE, con quienes tambi\u00e9n intercambiaron puntos de vista sobre el proceso comicial del estado.<\/p>\n","protected":false},"excerpt":{"rendered":"<p>Con el prop\u00f3sito de conocer los pormenores del avance en la organizaci\u00f3n del Proceso Electoral Local 2015-2016 a 100 d\u00edas de su realizaci\u00f3n, este jueves, los consejeros electorales y miembros de la Comisi\u00f3n de Vinculaci\u00f3n con los Organismos P\u00fablicos Locales Electorales (OPLES) del Instituto Nacional Electoral (INE), Pamela San Mart\u00edn R\u00edos y Valles, Arturo S\u00e1nchez Guti\u00e9rrez y Jos\u00e9 Roberto Ruiz, visitaron la Junta Local Ejecutiva de Tlaxcala.<br \/>\nLa Sala de Sesiones del INE en el estado fue la sede de la reuni\u00f3n de trabajo sostenida por los funcionarios electorales federales con la estructura ejecutiva delegacional encabezada por el Vocal Ejecutivo, J. Jes\u00fas Lule Ortega, y con los miembros del Consejo General del Instituto Tlaxcalteca de Elecciones (ITE).<br \/>\nEn la sesi\u00f3n de trabajo, en la que tambi\u00e9n participaron los Vocales Ejecutivos Distritales y funcionarios de las Direcciones Ejecutivas de Organizaci\u00f3n Electoral, del Registro Federal de Electores (DERFE) y de Capacitaci\u00f3n Electoral y Educaci\u00f3n C\u00edvica (DECEYEC), el titular del INE en el estado, reconoci\u00f3 la importancia de la visita de los consejeros electorales, toda vez que es muestra de su inter\u00e9s por acompa\u00f1ar el desarrollo de los procesos locales de los que ahora forma parte el INE. <\/p>\n","protected":false},"author":2,"featured_media":42456,"comment_status":"open","ping_status":"open","sticky":false,"template":"","format":"standard","meta":{"footnotes":""},"categories":[4],"tags":[],"class_list":["post-42455","post","type-post","status-publish","format-standard","has-post-thumbnail","hentry","category-local"],"_links":{"self":[{"href":"https:\/\/www.contextosdigital.com\/index.php?rest_route=\/wp\/v2\/posts\/42455","targetHints":{"allow":["GET"]}}],"collection":[{"href":"https:\/\/www.contextosdigital.com\/index.php?rest_route=\/wp\/v2\/posts"}],"about":[{"href":"https:\/\/www.contextosdigital.com\/index.php?rest_route=\/wp\/v2\/types\/post"}],"author":[{"embeddable":true,"href":"https:\/\/www.contextosdigital.com\/index.php?rest_route=\/wp\/v2\/users\/2"}],"replies":[{"embeddable":true,"href":"https:\/\/www.contextosdigital.com\/index.php?rest_route=%2Fwp%2Fv2%2Fcomments&post=42455"}],"version-history":[{"count":1,"href":"https:\/\/www.contextosdigital.com\/index.php?rest_route=\/wp\/v2\/posts\/42455\/revisions"}],"predecessor-version":[{"id":42457,"href":"https:\/\/www.contextosdigital.com\/index.php?rest_route=\/wp\/v2\/posts\/42455\/revisions\/42457"}],"wp:featuredmedia":[{"embeddable":true,"href":"https:\/\/www.contextosdigital.com\/index.php?rest_route=\/wp\/v2\/media\/42456"}],"wp:attachment":[{"href":"https:\/\/www.contextosdigital.com\/index.php?rest_route=%2Fwp%2Fv2%2Fmedia&parent=42455"}],"wp:term":[{"taxonomy":"category","embeddable":true,"href":"https:\/\/www.contextosdigital.com\/index.php?rest_route=%2Fwp%2Fv2%2Fcategories&post=42455"},{"taxonomy":"post_tag","embeddable":true,"href":"https:\/\/www.contextosdigital.com\/index.php?rest_route=%2Fwp%2Fv2%2Ftags&post=42455"}],"curies":[{"name":"wp","href":"https:\/\/api.w.org\/{rel}","templated":true}]}}