{"id":42452,"date":"2016-02-26T09:21:18","date_gmt":"2016-02-26T14:21:18","guid":{"rendered":"http:\/\/www.contextosdigital.com\/?p=42452"},"modified":"2016-02-26T09:21:18","modified_gmt":"2016-02-26T14:21:18","slug":"organizara-gobierno-del-estado-jornadas-de-limpieza-en-los-60-municipios-de-la-entidad","status":"publish","type":"post","link":"https:\/\/www.contextosdigital.com\/?p=42452","title":{"rendered":"Organizar\u00e1 Gobierno del Estado jornadas de limpieza en los 60 municipios de la entidad"},"content":{"rendered":"<p>En cumplimiento a sus pol\u00edticas p\u00fablicas de preservaci\u00f3n y protecci\u00f3n del medio ambiente, el Gobierno del Estado pondr\u00e1 en marcha la estrategia \u201cPor un Tlaxcala Limpio\u201d este s\u00e1bado 27 de febrero, en la que participar\u00e1n autoridades municipales, estatales y federales en acciones de recolecci\u00f3n de basura y saneamiento en principales carreteras que atraviesan por los 60 municipios de la entidad.<\/p>\n<p>Durante la presentaci\u00f3n de este programa, el secretario de Gobierno, Ernesto Ord\u00f3\u00f1ez Carrera, detall\u00f3 que las actividades tendr\u00e1n lugar a partir de este s\u00e1bado y continuar\u00e1n los tres siguientes, por lo que durante cada d\u00eda se brindar\u00e1 atenci\u00f3n a 15 municipios y as\u00ed beneficiar\u00e1 a la totalidad del territorio tlaxcalteca.<\/p>\n<p>Asimismo, el funcionario explic\u00f3 que en este programa participan 11 dependencias de la administraci\u00f3n estatal, igual n\u00famero de instancias federales y todos los ayuntamientos de la entidad, as\u00ed como voluntarios, quienes a trav\u00e9s de estas jornadas de limpieza fortalecen en Tlaxcala las faenas y buscan tambi\u00e9n concientizar al resto de la poblaci\u00f3n sobre la importancia de mantener limpio el entorno.<\/p>\n<p>Entre las dependencias del Gobierno del Estado que participan se encuentran el Sistema Estatal para el Desarrollo Integral de la Familia (DIF), la Coordinaci\u00f3n General de Ecolog\u00eda (CGE), las secretar\u00edas de Educaci\u00f3n P\u00fablica del Estado (Sepe), de Comunicaciones y Transportes del Estado (Secte) de Obras P\u00fablicas, Desarrollo Urbano y Vivienda (Secoduvi), por mencionar algunas.<\/p>\n<p>Ord\u00f3\u00f1ez Carrera enfatiz\u00f3 que la instrucci\u00f3n del Gobernador, Mariano Gonz\u00e1lez Zarur, es que los organismos estatales contribuyan a que Tlaxcala brinde una adecuada imagen a los visitantes y, que al mismo tiempo, los pobladores gocen de un adecuado entorno urbano, por lo que con esta estrategia se cumplen con estas indicaciones.<\/p>\n<p>De tal manera que para este s\u00e1bado, las actividades tendr\u00e1n lugar en los municipios de Calpulalpan, Nanacamilpa, Benito Ju\u00e1rez, Hueyotlipan, Sanct\u00f3rum, Espa\u00f1ita, Tecopilco, Xaltocan, Mu\u00f1oz de Domingo Arenas, Yauhquemehcan, Totolac, Panotla, Ixtacuixtla, Tepetitla y Nopalucan, en un horario de 9:00 a 13:00 horas.<\/p>\n<p>En este caso se espera la participaci\u00f3n de cerca de cinco mil personas, que ser\u00e1n abanderadas por elementos de la Comisi\u00f3n Estatal de Seguridad (CES), inform\u00f3 el titular del \u00e1rea, Oreste Estrada Miranda.<\/p>\n<p>A la par, durante marzo se realizar\u00e1n jornadas de limpieza en diferentes escuelas de educaci\u00f3n b\u00e1sica y media superior, lo anterior con el apoyo de la Sepe, a fin de inculcar en los menores el inter\u00e9s y disposici\u00f3n por mantener un entorno limpio.<\/p>\n<p>Por su parte, el titular de la CGE, N\u00e9stor Monta\u00f1ez Saucedo, abund\u00f3 que con apoyo de los ayuntamientos se dispondr\u00e1 de camiones que trasladar\u00e1n los residuos recolectados a los rellenos sanitarios ubicados en Calpulalpan, Panotla, Huamantla y Tetla.<\/p>\n<p>Tambi\u00e9n asever\u00f3 que el organismo a su cargo realiza m\u00e1s actividades enfocadas al adecuado confinamiento de otros residuos, como lo son aparatos electr\u00f3nicos y neum\u00e1ticos, a fin de evitar la contaminaci\u00f3n ambiental.<\/p>\n","protected":false},"excerpt":{"rendered":"<p>En cumplimiento a sus pol\u00edticas p\u00fablicas de preservaci\u00f3n y protecci\u00f3n del medio ambiente, el Gobierno del Estado pondr\u00e1 en marcha la estrategia \u201cPor un Tlaxcala Limpio\u201d este s\u00e1bado 27 de febrero, en la que participar\u00e1n autoridades municipales, estatales y federales en acciones de recolecci\u00f3n de basura y saneamiento en principales carreteras que atraviesan por los 60 municipios de la entidad.<br \/>\n Durante la presentaci\u00f3n de este programa, el secretario de Gobierno, Ernesto Ord\u00f3\u00f1ez Carrera, detall\u00f3 que las actividades tendr\u00e1n lugar a partir de este s\u00e1bado y continuar\u00e1n los tres siguientes, por lo que durante cada d\u00eda se brindar\u00e1 atenci\u00f3n a 15 municipios y as\u00ed beneficiar\u00e1 a la totalidad del territorio tlaxcalteca.<br \/>\n Asimismo, el funcionario explic\u00f3 que en este programa participan 11 dependencias de la administraci\u00f3n estatal, igual n\u00famero de instancias federales y todos los ayuntamientos de la entidad, as\u00ed como voluntarios, quienes a trav\u00e9s de estas jornadas de limpieza fortalecen en Tlaxcala las faenas y buscan tambi\u00e9n concientizar al resto de la poblaci\u00f3n sobre la importancia de mantener limpio el entorno.<\/p>\n","protected":false},"author":2,"featured_media":42453,"comment_status":"open","ping_status":"open","sticky":false,"template":"","format":"standard","meta":{"footnotes":""},"categories":[4],"tags":[],"class_list":["post-42452","post","type-post","status-publish","format-standard","has-post-thumbnail","hentry","category-local"],"_links":{"self":[{"href":"https:\/\/www.contextosdigital.com\/index.php?rest_route=\/wp\/v2\/posts\/42452","targetHints":{"allow":["GET"]}}],"collection":[{"href":"https:\/\/www.contextosdigital.com\/index.php?rest_route=\/wp\/v2\/posts"}],"about":[{"href":"https:\/\/www.contextosdigital.com\/index.php?rest_route=\/wp\/v2\/types\/post"}],"author":[{"embeddable":true,"href":"https:\/\/www.contextosdigital.com\/index.php?rest_route=\/wp\/v2\/users\/2"}],"replies":[{"embeddable":true,"href":"https:\/\/www.contextosdigital.com\/index.php?rest_route=%2Fwp%2Fv2%2Fcomments&post=42452"}],"version-history":[{"count":1,"href":"https:\/\/www.contextosdigital.com\/index.php?rest_route=\/wp\/v2\/posts\/42452\/revisions"}],"predecessor-version":[{"id":42454,"href":"https:\/\/www.contextosdigital.com\/index.php?rest_route=\/wp\/v2\/posts\/42452\/revisions\/42454"}],"wp:featuredmedia":[{"embeddable":true,"href":"https:\/\/www.contextosdigital.com\/index.php?rest_route=\/wp\/v2\/media\/42453"}],"wp:attachment":[{"href":"https:\/\/www.contextosdigital.com\/index.php?rest_route=%2Fwp%2Fv2%2Fmedia&parent=42452"}],"wp:term":[{"taxonomy":"category","embeddable":true,"href":"https:\/\/www.contextosdigital.com\/index.php?rest_route=%2Fwp%2Fv2%2Fcategories&post=42452"},{"taxonomy":"post_tag","embeddable":true,"href":"https:\/\/www.contextosdigital.com\/index.php?rest_route=%2Fwp%2Fv2%2Ftags&post=42452"}],"curies":[{"name":"wp","href":"https:\/\/api.w.org\/{rel}","templated":true}]}}