{"id":42449,"date":"2016-02-26T09:19:55","date_gmt":"2016-02-26T14:19:55","guid":{"rendered":"http:\/\/www.contextosdigital.com\/?p=42449"},"modified":"2016-02-26T09:19:55","modified_gmt":"2016-02-26T14:19:55","slug":"presentan-la-exposicion-fotografica-la-dama-y-la-actuacion-en-la-galeria-toci","status":"publish","type":"post","link":"https:\/\/www.contextosdigital.com\/?p=42449","title":{"rendered":"Presentan la exposici\u00f3n fotogr\u00e1fica \u201cLa dama y la actuaci\u00f3n\u201d  en la galer\u00eda Toci"},"content":{"rendered":"<p>El pasado viernes 19 de febrero, el equipo de trabajo \u201cColores Imagen\u201d celebr\u00f3 su aniversario n\u00famero 22 con la exposici\u00f3n fotogr\u00e1fica \u201cLa dama y la actuaci\u00f3n\u201d del fot\u00f3grafo Ren\u00e9 Mart\u00ednez Ram\u00edrez, quien a trav\u00e9s de la direcci\u00f3n de educaci\u00f3n, cultura y turismo del ayuntamiento de Chiautempan, dieron por inaugurada la exposici\u00f3n que se mantendr\u00e1 abierta al p\u00fablico hasta el 19 de marzo.<\/p>\n<p>Previo a dicho acto, el artista gr\u00e1fico agradeci\u00f3 la presencia de autoridades municipales y del p\u00fablico asistente, as\u00ed como de las personalidades que lo acompa\u00f1aron como padrinos de corte de list\u00f3n, el reconocido maestro Juan de la Cruz y el actor Mino D\u00b4Blanc, quienes en sus cortas intervenciones, reconocieron la importancia del trabajo que ha realizado como fot\u00f3grafo de actores y actrices durante m\u00e1s de veinte a\u00f1os y que documenta m\u00e1s de dos d\u00e9cadas de puestas en escena.<\/p>\n<p>Por su parte, la directora de cultura en el municipio, Adriana Rodr\u00edguez Mu\u00f1oz, y el quinto regidor, Sa\u00fal Decasa P\u00e9rez, expresaron la importancia que tienen los artistas locales en las diversas disciplinas existentes, ya que no solo representan en su profesi\u00f3n a Tlaxcala, sino tambi\u00e9n a Chiautempan y con ello, promueven y motivan el nacimiento de nuevos artistas.<\/p>\n<p>La exposici\u00f3n \u201cLa dama y la actuaci\u00f3n\u201d consta de aproximadamente 80 piezas fotogr\u00e1ficas, adquiridas en un formato de origen de 35 mil\u00edmetros, donde se podr\u00e1n encontrar a personalidades como Jojo Jorge Falc\u00f3n, Andrea Noli, Sabine Moussier, Lupita Jones e Ignacio L\u00f3pez Tarso, se mantiene abierta al p\u00fablico en un horario de 10:00 a.m. a 5:00p.m. de lunes a s\u00e1bado, en la planta baja del palacio municipal.<\/p>\n","protected":false},"excerpt":{"rendered":"<p>El pasado viernes 19 de febrero, el equipo de trabajo \u201cColores Imagen\u201d celebr\u00f3 su aniversario n\u00famero 22 con la exposici\u00f3n fotogr\u00e1fica \u201cLa dama y la actuaci\u00f3n\u201d del fot\u00f3grafo Ren\u00e9 Mart\u00ednez Ram\u00edrez, quien a trav\u00e9s de la direcci\u00f3n de educaci\u00f3n, cultura y turismo del ayuntamiento de Chiautempan, dieron por inaugurada la exposici\u00f3n que se mantendr\u00e1 abierta al p\u00fablico hasta el 19 de marzo.<br \/>\nPrevio a dicho acto, el artista gr\u00e1fico agradeci\u00f3 la presencia de autoridades municipales y del p\u00fablico asistente, as\u00ed como de las personalidades que lo acompa\u00f1aron como padrinos de corte de list\u00f3n<\/p>\n","protected":false},"author":2,"featured_media":42450,"comment_status":"open","ping_status":"open","sticky":false,"template":"","format":"standard","meta":{"footnotes":""},"categories":[4],"tags":[],"class_list":["post-42449","post","type-post","status-publish","format-standard","has-post-thumbnail","hentry","category-local"],"_links":{"self":[{"href":"https:\/\/www.contextosdigital.com\/index.php?rest_route=\/wp\/v2\/posts\/42449","targetHints":{"allow":["GET"]}}],"collection":[{"href":"https:\/\/www.contextosdigital.com\/index.php?rest_route=\/wp\/v2\/posts"}],"about":[{"href":"https:\/\/www.contextosdigital.com\/index.php?rest_route=\/wp\/v2\/types\/post"}],"author":[{"embeddable":true,"href":"https:\/\/www.contextosdigital.com\/index.php?rest_route=\/wp\/v2\/users\/2"}],"replies":[{"embeddable":true,"href":"https:\/\/www.contextosdigital.com\/index.php?rest_route=%2Fwp%2Fv2%2Fcomments&post=42449"}],"version-history":[{"count":1,"href":"https:\/\/www.contextosdigital.com\/index.php?rest_route=\/wp\/v2\/posts\/42449\/revisions"}],"predecessor-version":[{"id":42451,"href":"https:\/\/www.contextosdigital.com\/index.php?rest_route=\/wp\/v2\/posts\/42449\/revisions\/42451"}],"wp:featuredmedia":[{"embeddable":true,"href":"https:\/\/www.contextosdigital.com\/index.php?rest_route=\/wp\/v2\/media\/42450"}],"wp:attachment":[{"href":"https:\/\/www.contextosdigital.com\/index.php?rest_route=%2Fwp%2Fv2%2Fmedia&parent=42449"}],"wp:term":[{"taxonomy":"category","embeddable":true,"href":"https:\/\/www.contextosdigital.com\/index.php?rest_route=%2Fwp%2Fv2%2Fcategories&post=42449"},{"taxonomy":"post_tag","embeddable":true,"href":"https:\/\/www.contextosdigital.com\/index.php?rest_route=%2Fwp%2Fv2%2Ftags&post=42449"}],"curies":[{"name":"wp","href":"https:\/\/api.w.org\/{rel}","templated":true}]}}