{"id":42443,"date":"2016-02-26T09:17:13","date_gmt":"2016-02-26T14:17:13","guid":{"rendered":"http:\/\/www.contextosdigital.com\/?p=42443"},"modified":"2016-02-26T09:17:13","modified_gmt":"2016-02-26T14:17:13","slug":"en-chiautempan-conmemoran-el-195-aniversario-de-la-bandera-nacional","status":"publish","type":"post","link":"https:\/\/www.contextosdigital.com\/?p=42443","title":{"rendered":"En Chiautempan conmemoran el 195 aniversario de la Bandera Nacional."},"content":{"rendered":"<p>La ma\u00f1ana del martes 24 de febrero, el cuerpo edilicio de Chiautempan, encabezado por el alcalde Antonio Mendoza Romero, junto con diversas instituciones educativas de nivel primaria y secundaria que se encuentran ubicadas en el municipio lanero, conmemoraron el aniversario 195 de la Bandera Nacional, en dicho evento se realizaron honores al l\u00e1baro patrio mexicano y el juramento al mismo por parte de los educandos m\u00e1s peque\u00f1os.<\/p>\n<p>En un breve mensaje, Mendoza Romero agradeci\u00f3 la participaci\u00f3n de las instituciones educativas, de los integrantes de cabildo y del personal del ayuntamiento, quienes acudieron a dicho acto con la intenci\u00f3n de fomentar y promover la educaci\u00f3n c\u00edvica que nos permite identificarnos como naci\u00f3n mexicana, identidad que se debe portar con orgullo y respeto, encontrando en nuestros s\u00edmbolos patrios la hermandad y familiaridad que nos une como mexicanos.<\/p>\n<p>Las escuelas que participaron fueron las primarias Centro Escolar, Ni\u00f1os H\u00e9roes de Chapultepec, Gaby Brimmer, Josefa Ort\u00edz de Dominguez, as\u00ed como las secundarias T\u00e9cnica n\u00famero 35, T\u00e9cnica n\u00famero 50, Secundaria General Valent\u00edn G\u00f3mez Far\u00edas, T\u00e9cnica 4 y el Instituto Morelos.<\/p>\n","protected":false},"excerpt":{"rendered":"<p>La ma\u00f1ana del martes 24 de febrero, el cuerpo edilicio de Chiautempan, encabezado por el alcalde Antonio Mendoza Romero, junto con diversas instituciones educativas de nivel primaria y secundaria que se encuentran ubicadas en el municipio lanero, conmemoraron el aniversario 195 de la Bandera Nacional, en dicho evento se realizaron honores al l\u00e1baro patrio mexicano y el juramento al mismo por parte de los educandos m\u00e1s peque\u00f1os.<br \/>\nEn un breve mensaje, Mendoza Romero agradeci\u00f3 la participaci\u00f3n de las instituciones educativas, de los integrantes de cabildo y del personal del ayuntamiento, quienes acudieron a dicho acto con la intenci\u00f3n de fomentar y promover la educaci\u00f3n c\u00edvica <\/p>\n","protected":false},"author":2,"featured_media":42444,"comment_status":"open","ping_status":"open","sticky":false,"template":"","format":"standard","meta":{"footnotes":""},"categories":[4],"tags":[],"class_list":["post-42443","post","type-post","status-publish","format-standard","has-post-thumbnail","hentry","category-local"],"_links":{"self":[{"href":"https:\/\/www.contextosdigital.com\/index.php?rest_route=\/wp\/v2\/posts\/42443","targetHints":{"allow":["GET"]}}],"collection":[{"href":"https:\/\/www.contextosdigital.com\/index.php?rest_route=\/wp\/v2\/posts"}],"about":[{"href":"https:\/\/www.contextosdigital.com\/index.php?rest_route=\/wp\/v2\/types\/post"}],"author":[{"embeddable":true,"href":"https:\/\/www.contextosdigital.com\/index.php?rest_route=\/wp\/v2\/users\/2"}],"replies":[{"embeddable":true,"href":"https:\/\/www.contextosdigital.com\/index.php?rest_route=%2Fwp%2Fv2%2Fcomments&post=42443"}],"version-history":[{"count":1,"href":"https:\/\/www.contextosdigital.com\/index.php?rest_route=\/wp\/v2\/posts\/42443\/revisions"}],"predecessor-version":[{"id":42445,"href":"https:\/\/www.contextosdigital.com\/index.php?rest_route=\/wp\/v2\/posts\/42443\/revisions\/42445"}],"wp:featuredmedia":[{"embeddable":true,"href":"https:\/\/www.contextosdigital.com\/index.php?rest_route=\/wp\/v2\/media\/42444"}],"wp:attachment":[{"href":"https:\/\/www.contextosdigital.com\/index.php?rest_route=%2Fwp%2Fv2%2Fmedia&parent=42443"}],"wp:term":[{"taxonomy":"category","embeddable":true,"href":"https:\/\/www.contextosdigital.com\/index.php?rest_route=%2Fwp%2Fv2%2Fcategories&post=42443"},{"taxonomy":"post_tag","embeddable":true,"href":"https:\/\/www.contextosdigital.com\/index.php?rest_route=%2Fwp%2Fv2%2Ftags&post=42443"}],"curies":[{"name":"wp","href":"https:\/\/api.w.org\/{rel}","templated":true}]}}