{"id":42440,"date":"2016-02-25T10:10:18","date_gmt":"2016-02-25T15:10:18","guid":{"rendered":"http:\/\/www.contextosdigital.com\/?p=42440"},"modified":"2016-02-26T09:30:21","modified_gmt":"2016-02-26T14:30:21","slug":"encabeza-mgz-en-apizaco-ceremonia-alusiva-al-dia-de-la-bandera","status":"publish","type":"post","link":"https:\/\/www.contextosdigital.com\/?p=42440","title":{"rendered":"Encabeza MGZ en Apizaco ceremonia alusiva al \u201cD\u00eda de la Bandera\u201d"},"content":{"rendered":"<p>El Gobernador Mariano Gonz\u00e1lez Zarur encabez\u00f3 este mi\u00e9rcoles en Apizaco la ceremonia alusiva al \u201cD\u00eda de la Bandera\u201d, evento en el cual el secretario de Educaci\u00f3n P\u00fablica, Tom\u00e1s Munive Osorno, encargado de dar el discurso oficial de esta conmemoraci\u00f3n, asegur\u00f3 que, gracias a las acciones del Gobierno del Estado, en Tlaxcala prevalecen los valores que representa la insignia nacional, los cuales son la\u00a0 libertad y la justicia.<\/p>\n<p>\u201cLa mejor lecci\u00f3n en este d\u00eda es que miremos a la bandera y reflexionemos sobre la defensa de la libertad y la justicia que deben de caracterizarnos como mexicanos. Libertad y justicia que prevalecen en Tlaxcala con las acciones que este Gobierno ha emprendido para beneficio de todos\u201d, expres\u00f3 el secretario.<\/p>\n<p>En su mensaje, el Mandatario enfatiz\u00f3 que la bandera nacional representa para los mexicanos\u00a0 un d\u00eda de reflexi\u00f3n, honor\u00a0 y patriotismo.<\/p>\n<p>\u201cHoy m\u00e1s que nunca prevalecen los valores de la bandera nacional. Al honrar a la bandera estamos honrando a aquellas y aquellos mexicanos que lucharon por nuestra libertad, esa libertad que en el transcurso de los a\u00f1os ha afianzado nuestra democracia\u201d, puntualiz\u00f3.<\/p>\n<p>En este sentido, Gonz\u00e1lez Zarur hizo hincapi\u00e9 en que a este festejo se suma tambi\u00e9n el j\u00fabilo de los tlaxcaltecas por los 150 a\u00f1os de la fundaci\u00f3n de Apizaco, ciudad que, gracias al trabajo conjunto, actualmente es una de las m\u00e1s importantes y representativas de la entidad.<\/p>\n<p>\u201cAs\u00ed como nuestra bandera nos llena de orgullo y emoci\u00f3n, tambi\u00e9n nos hace celebrar los 150 a\u00f1os de la fundaci\u00f3n de la tierra que me vio nacer: Apizaco,\u00a0 que evolucion\u00f3 gracias a una estaci\u00f3n de tren y hoy es uno de los m\u00e1s pr\u00f3speros e importantes municipios de Tlaxcala\u201d, mencion\u00f3.<\/p>\n<p>Asimismo, el Jefe del Ejecutivo hizo hincapi\u00e9 en que su Gobierno no hace distingo de colores o\u00a0 ideolog\u00edas, y es por ello que en Apizaco se ejecutaron y consolidaron importantes obras a lo largo de su gesti\u00f3n, las cuales permitieron modernizar al municipio, que hoy presenta un entorno renovado en beneficio de sus pobladores y de sus visitantes.<\/p>\n<p>\u201cGracias al trabajo conjunto del gobierno municipal con el estatal, ajeno a colores partidistas, Apizaco tiene una nueva imagen; los tlaxcaltecas sabemos trabajar en equipo cuando se trata de beneficiar a la gente\u201d, expres\u00f3.<\/p>\n<p>Por su parte, el alcalde Jorge Luis V\u00e1zquez Rodr\u00edguez reconoci\u00f3 las acciones del Gobierno del Estado en favor de los apizaquenses y tambi\u00e9n agradeci\u00f3 el respaldo del Mandatario para llevar a cabo una serie de festejos alusivos a la conmemoraci\u00f3n del 150 aniversario de la fundaci\u00f3n de Apizaco, los cuales tendr\u00e1n lugar a partir de este mi\u00e9rcoles hasta el pr\u00f3ximo seis de marzo.<\/p>\n<p>Cabe mencionar que, en el marco de esta ceremonia c\u00edvica, Mariano Gonz\u00e1lez tom\u00f3 protesta de bandera a alumnos de primer a\u00f1o de primaria de diferentes escuelas ubicadas en Apizaco.<\/p>\n<p>Tambi\u00e9n, de manera simb\u00f3lica, el Gobernador entreg\u00f3 el bando solemne del 150 aniversario de la fundaci\u00f3n de Apizaco a la gerente de la sucursal 2232 Apizaco del Banco Mercantil, Menaly Montalvo.<\/p>\n<p>Al t\u00e9rmino del evento, el Jefe del Ejecutivo fue abordado por alumnos de primaria del Centro Educativo Juan Luna Molina (Cejulu), quienes lo entrevistaron acerca de su trabajo como Gobernador.<\/p>\n<p>A esta conmemoraci\u00f3n acudieron la Presidente de la Mesa Directiva del Congreso del Estado, Juana Cruz Bustos; la Presidente del Tribunal Superior de Justicia del Estado, Elsa Cordero Mart\u00ednez; el secretario general de la Secci\u00f3n 31 del Sindicato Nacional de Trabajadores de la Educaci\u00f3n (Snte), Demetrio Rivas Corona, y el secretario general de la Secci\u00f3n 55 de este sindicato, Ignacio D\u00edaz Grande.<\/p>\n<p>Tambi\u00e9n estuvieron presentes la Presidente del Sistema Municipal para el Desarrollo Integral de la Familia (DIF) de Apizaco, Roc\u00edo Gonz\u00e1lez Ch\u00e1vez, y el coronel \u00d3scar Reyes \u00c1vila, en representaci\u00f3n de la 23 Zona Militar.<\/p>\n","protected":false},"excerpt":{"rendered":"<p>El Gobernador Mariano Gonz\u00e1lez Zarur encabez\u00f3 este mi\u00e9rcoles en Apizaco la ceremonia alusiva al \u201cD\u00eda de la Bandera\u201d, evento en el cual el secretario de Educaci\u00f3n P\u00fablica, Tom\u00e1s Munive Osorno, encargado de dar el discurso oficial de esta conmemoraci\u00f3n, asegur\u00f3 que, gracias a las acciones del Gobierno del Estado, en Tlaxcala prevalecen los valores que representa la insignia nacional, los cuales son la  libertad y la justicia.<br \/>\n\u201cLa mejor lecci\u00f3n en este d\u00eda es que miremos a la bandera y reflexionemos sobre la defensa de la libertad y la justicia que deben de caracterizarnos como mexicanos. Libertad y justicia que prevalecen en Tlaxcala con las acciones que este Gobierno ha emprendido para beneficio de todos\u201d, expres\u00f3 el secretario.<\/p>\n","protected":false},"author":2,"featured_media":42441,"comment_status":"open","ping_status":"open","sticky":false,"template":"","format":"standard","meta":{"footnotes":""},"categories":[4],"tags":[],"class_list":["post-42440","post","type-post","status-publish","format-standard","has-post-thumbnail","hentry","category-local"],"_links":{"self":[{"href":"https:\/\/www.contextosdigital.com\/index.php?rest_route=\/wp\/v2\/posts\/42440","targetHints":{"allow":["GET"]}}],"collection":[{"href":"https:\/\/www.contextosdigital.com\/index.php?rest_route=\/wp\/v2\/posts"}],"about":[{"href":"https:\/\/www.contextosdigital.com\/index.php?rest_route=\/wp\/v2\/types\/post"}],"author":[{"embeddable":true,"href":"https:\/\/www.contextosdigital.com\/index.php?rest_route=\/wp\/v2\/users\/2"}],"replies":[{"embeddable":true,"href":"https:\/\/www.contextosdigital.com\/index.php?rest_route=%2Fwp%2Fv2%2Fcomments&post=42440"}],"version-history":[{"count":2,"href":"https:\/\/www.contextosdigital.com\/index.php?rest_route=\/wp\/v2\/posts\/42440\/revisions"}],"predecessor-version":[{"id":42474,"href":"https:\/\/www.contextosdigital.com\/index.php?rest_route=\/wp\/v2\/posts\/42440\/revisions\/42474"}],"wp:featuredmedia":[{"embeddable":true,"href":"https:\/\/www.contextosdigital.com\/index.php?rest_route=\/wp\/v2\/media\/42441"}],"wp:attachment":[{"href":"https:\/\/www.contextosdigital.com\/index.php?rest_route=%2Fwp%2Fv2%2Fmedia&parent=42440"}],"wp:term":[{"taxonomy":"category","embeddable":true,"href":"https:\/\/www.contextosdigital.com\/index.php?rest_route=%2Fwp%2Fv2%2Fcategories&post=42440"},{"taxonomy":"post_tag","embeddable":true,"href":"https:\/\/www.contextosdigital.com\/index.php?rest_route=%2Fwp%2Fv2%2Ftags&post=42440"}],"curies":[{"name":"wp","href":"https:\/\/api.w.org\/{rel}","templated":true}]}}