{"id":42432,"date":"2016-02-25T10:04:50","date_gmt":"2016-02-25T15:04:50","guid":{"rendered":"http:\/\/www.contextosdigital.com\/?p=42432"},"modified":"2016-02-25T10:04:50","modified_gmt":"2016-02-25T15:04:50","slug":"reconocen-colegios-de-abogados-aportes-del-director-de-la-facultad-de-derecho-ciencias-politicas-y-criminologia-de-la-uat","status":"publish","type":"post","link":"https:\/\/www.contextosdigital.com\/?p=42432","title":{"rendered":"Reconocen Colegios de Abogados aportes del Director de la Facultad de Derecho, Ciencias Pol\u00edticas y Criminolog\u00eda de la UAT"},"content":{"rendered":"<p>El Mtro. Rub\u00e9n Reyes C\u00f3rdoba, Rector de la Universidad Aut\u00f3noma de Tlaxcala (UAT), presidi\u00f3 la ceremonia de reconocimiento al Dr. Osvaldo Ram\u00edrez Ortiz, Director de la Facultad de Derecho, Ciencias Pol\u00edticas y Criminolog\u00eda, por parte de la Confederaci\u00f3n de Colegios y Asociaciones de Abogados de M\u00e9xico, A.C. (CONCAAM), Delegaci\u00f3n Ciudad de M\u00e9xico, y la Direcci\u00f3n de Academia e Investigaci\u00f3n del Colegio de Abogados del Valle de Texcoco, A.C. (COVATEX), por sus aportaciones a la ciencia jur\u00eddica.<\/p>\n<p>Ante la estructura directiva, la comunidad de la Facultad e invitados especiales, el Mtro. Reyes C\u00f3rdoba se\u00f1al\u00f3 que las instituciones de educaci\u00f3n superior, como los espacios genuinos para la construcci\u00f3n del saber, tienen la meta y la responsabilidad esencial de hacer llega a la sociedad el conocimiento que se genera a trav\u00e9s de las disciplinas, sin embrago, este proceso no ser\u00eda posible sin la visi\u00f3n de los universitarios, hombres y mujeres dedicados a la innovaci\u00f3n, a la creaci\u00f3n, y a la b\u00fasqueda de formas nuevas para mejorar las condiciones de vida de los seres humanos.<\/p>\n<p>Sostuvo que estos momentos en donde se hace imperativo promover la ciencia, la cultura, la pr\u00e1ctica de valores, la tolerancia, el respeto y la dignidad humana, estos personajes se constituyen en un factor determinante para mantener el car\u00e1cter y esp\u00edritu, la esencia de la Universidad como tal, y desde luego, su integridad y credibilidad ante la colectividad.<\/p>\n<p>El Rector de la UAT subray\u00f3 que el reconocimiento que se entrega al Dr. Osvaldo Ram\u00edrez Ortiz por parte de la CONCAAM y el COVATEX, es un hecho que enorgullece a toda la comunidad de la m\u00e1xima Casa de Estudios, ya que resalta a un distinguido universitario, quien con sus valiosas aportaciones contribuye al prestigio de nuestra alma mater.<\/p>\n<p>En el mismo tenor, destac\u00f3 su desempe\u00f1o como acad\u00e9mico, investigador y Director de la Facultad de Derecho, Ciencias Pol\u00edticas y Criminolog\u00eda, espacio que ha sido transformado con su amplia visi\u00f3n y perspectiva para favorecer el aprendizaje de esas ciencias, y ha convertido a esta \u00e1rea universitaria en un recinto natural para el punto de encuentro de los mejores especialistas a nivel nacional e internacional.<\/p>\n<p>Posterior a la entrega del reconocimiento por parte de la Dra. Esmeralda Mart\u00ednez Lara, Subdelegada del Colegio de Abogados del Valle de Texcoco, del Lic. H\u00e9ctor Gonz\u00e1lez,\u00a0 Presidente de la Confederaci\u00f3n de Colegios y Asociaciones de Abogados de M\u00e9xico, y del Dr. Juan Fernando Gonz\u00e1lez Porras, Delegado de la Confederaci\u00f3n de Colegios y Asociaciones de Abogados de M\u00e9xico, el Dr. Osvaldo Ram\u00edrez Ortiz afirm\u00f3 que el conocimiento no se debe quedar en las aulas o en la mente de los investigadores, sino compartirse con los integrantes de la sociedad.<\/p>\n<p>Plante\u00f3 que la indagaci\u00f3n cient\u00edfica, al menos en lo que se refiere al mundo jur\u00eddico, es un rubro que ha sido marginado, menospreciado y al que no se le ha dado la importancia que realmente reviste.<\/p>\n<p>En M\u00e9xico, explic\u00f3 el Dr. Ram\u00edrez Ortiz, se destina apenas el 0.47% del Producto Interno Bruto (PIB) a la investigaci\u00f3n, porcentaje igual o menor a lo que se asigna al deporte en nuestro pa\u00eds, por tanto, estas cifras se ubican muy por debajo del m\u00ednimo internacional\u00a0 recomendado, que deber\u00eda ser de al menos el uno por ciento.<\/p>\n<p>Detall\u00f3 que nuestro pa\u00eds es el miembro de la Organizaci\u00f3n para la Cooperaci\u00f3n y el Desarrollo Econ\u00f3micos (OCDE) que menos invierte en la indagaci\u00f3n cient\u00edfica, por lo que ocupa el muy penoso \u00faltimo lugar, y al menos de 140 mil investigadores es el d\u00e9ficit que presenta nuestro pa\u00eds para alcanzar la media internacional.<\/p>\n<p>Para concluir, exhort\u00f3 a la comunidad de la Facultad de Derecho, Ciencias Pol\u00edticas y Criminolog\u00eda a seguir trabajando para hacer aportaciones significativas a la ciencia jur\u00eddica.<\/p>\n<p>Cabe mencionar que el Dr. Osvaldo Ram\u00edrez Ortiz cuenta con el Doctorado en Derecho, obteniendo este grado con menci\u00f3n honor\u00edfica, es tutor y asesor de trabajos de investigaci\u00f3n y tesis de licenciatura, maestr\u00eda y doctorado, aportando sus conocimientos para la generaci\u00f3n de nuevas l\u00edneas de investigaci\u00f3n. Adem\u00e1s, es autor de diversas ponencias y art\u00edculos cient\u00edficos publicados en memorias de eventos acad\u00e9micos y revistas especializadas.<\/p>\n<p>En el marco de este evento se realizaron dos disertaciones doctorales, con la participaci\u00f3n de la Dra. Esmeralda Mart\u00ednez Lara, Investigadora del Instituto Interdisciplinario de la\u00a0 Universidad de Xalapa, con el tema: \u201cLa\u00a0 teor\u00eda probatoria en el Sistema Acusatorio\u201d; as\u00ed como la intitulada: \u201cLa prueba pericial en el Sistema Acusatorio\u201d, a cargo del Dr. Juan Fernando Gonz\u00e1lez Porras, investigador del Centro de Estudios Superiores en Ciencias Jur\u00eddicas y Criminol\u00f3gicas (CESCIJUC), y Presidente de la Academia Criminol\u00f3gica y de Ciencias Forenses del Instituto Nacional de Estudio y Ciencias, S.C.<\/p>\n<p>Para finalizar el acto, se devel\u00f3 una placa conmemorativa<\/p>\n","protected":false},"excerpt":{"rendered":"<p>El Mtro. Rub\u00e9n Reyes C\u00f3rdoba, Rector de la Universidad Aut\u00f3noma de Tlaxcala (UAT), presidi\u00f3 la ceremonia de reconocimiento al Dr. Osvaldo Ram\u00edrez Ortiz, Director de la Facultad de Derecho, Ciencias Pol\u00edticas y Criminolog\u00eda, por parte de la Confederaci\u00f3n de Colegios y Asociaciones de Abogados de M\u00e9xico, A.C. (CONCAAM), Delegaci\u00f3n Ciudad de M\u00e9xico, y la Direcci\u00f3n de Academia e Investigaci\u00f3n del Colegio de Abogados del Valle de Texcoco, A.C. (COVATEX), por sus aportaciones a la ciencia jur\u00eddica.<br \/>\n Ante la estructura directiva, la comunidad de la Facultad e invitados especiales, el Mtro. Reyes C\u00f3rdoba se\u00f1al\u00f3 que las instituciones de educaci\u00f3n superior, como los espacios genuinos para la construcci\u00f3n del saber, tienen la meta y la responsabilidad esencial de hacer llega a la sociedad el conocimiento que se genera a trav\u00e9s de las disciplinas, sin embrago, este proceso no ser\u00eda posible sin la visi\u00f3n de los universitarios, hombres y mujeres dedicados a la innovaci\u00f3n, a la creaci\u00f3n, y a la b\u00fasqueda de formas nuevas para mejorar las condiciones de vida de los seres humanos.<\/p>\n","protected":false},"author":2,"featured_media":42433,"comment_status":"open","ping_status":"open","sticky":false,"template":"","format":"standard","meta":{"footnotes":""},"categories":[4],"tags":[],"class_list":["post-42432","post","type-post","status-publish","format-standard","has-post-thumbnail","hentry","category-local"],"_links":{"self":[{"href":"https:\/\/www.contextosdigital.com\/index.php?rest_route=\/wp\/v2\/posts\/42432","targetHints":{"allow":["GET"]}}],"collection":[{"href":"https:\/\/www.contextosdigital.com\/index.php?rest_route=\/wp\/v2\/posts"}],"about":[{"href":"https:\/\/www.contextosdigital.com\/index.php?rest_route=\/wp\/v2\/types\/post"}],"author":[{"embeddable":true,"href":"https:\/\/www.contextosdigital.com\/index.php?rest_route=\/wp\/v2\/users\/2"}],"replies":[{"embeddable":true,"href":"https:\/\/www.contextosdigital.com\/index.php?rest_route=%2Fwp%2Fv2%2Fcomments&post=42432"}],"version-history":[{"count":1,"href":"https:\/\/www.contextosdigital.com\/index.php?rest_route=\/wp\/v2\/posts\/42432\/revisions"}],"predecessor-version":[{"id":42434,"href":"https:\/\/www.contextosdigital.com\/index.php?rest_route=\/wp\/v2\/posts\/42432\/revisions\/42434"}],"wp:featuredmedia":[{"embeddable":true,"href":"https:\/\/www.contextosdigital.com\/index.php?rest_route=\/wp\/v2\/media\/42433"}],"wp:attachment":[{"href":"https:\/\/www.contextosdigital.com\/index.php?rest_route=%2Fwp%2Fv2%2Fmedia&parent=42432"}],"wp:term":[{"taxonomy":"category","embeddable":true,"href":"https:\/\/www.contextosdigital.com\/index.php?rest_route=%2Fwp%2Fv2%2Fcategories&post=42432"},{"taxonomy":"post_tag","embeddable":true,"href":"https:\/\/www.contextosdigital.com\/index.php?rest_route=%2Fwp%2Fv2%2Ftags&post=42432"}],"curies":[{"name":"wp","href":"https:\/\/api.w.org\/{rel}","templated":true}]}}