{"id":42426,"date":"2016-02-25T10:02:02","date_gmt":"2016-02-25T15:02:02","guid":{"rendered":"http:\/\/www.contextosdigital.com\/?p=42426"},"modified":"2016-02-25T10:02:02","modified_gmt":"2016-02-25T15:02:02","slug":"en-chiautempan-aplican-vacunas-contra-la-influenza","status":"publish","type":"post","link":"https:\/\/www.contextosdigital.com\/?p=42426","title":{"rendered":"En Chiautempan aplican vacunas contra la influenza."},"content":{"rendered":"<p>Durante la cuarta semana de febrero, que coincide con la primer semana nacional de salud que se realiza a\u00f1o con a\u00f1o en todo el pa\u00eds, la direcci\u00f3n de Servicios M\u00e9dicos de Chiautempan, anunci\u00f3 e hizo la invitaci\u00f3n a toda la ciudadan\u00eda que radica en el municipio sarapero para que acudan de 9:00 a 13:00 Hrs. al m\u00f3dulo de servicios m\u00e9dicos que se encuentra en \u201cLa antigua estaci\u00f3n del tren\u201d para que les sean aplicadas las vacunas correspondientes.<\/p>\n<p>As\u00ed lo coment\u00f3 el m\u00e9dico y director de dicha \u00e1rea, Rub\u00e9n del Razo Flores, quien adem\u00e1s invit\u00f3 a las y los chiautempenses que tengan ni\u00f1os de 6 meses a 5 a\u00f1os de edad en sus hogares, a que acudan ya sea a las instalaciones de servicios m\u00e9dicos en la cabecera municipal o bien en los centros m\u00e9dicos de sus comunidades, durante esta semana en los horarios mencionados, ya que personal de la Secretar\u00eda de Salud, estar\u00e1 aplicando las dosis correspondientes.<\/p>\n<p>Adem\u00e1s del Razo Flores abund\u00f3 que con la finalidad de proteger y prevenir alg\u00fan contagio o padecimiento de influenza, se estar\u00e1 aplicando la vacuna correspondiente, por lo que tambi\u00e9n hizo la invitaci\u00f3n a que la poblaci\u00f3n en general a que acuda, en especial a los grupos vulnerables como lo son los adultos mayores, al finalizar tambi\u00e9n mencion\u00f3 que dichas aplicaciones son sin costo alguno.<\/p>\n","protected":false},"excerpt":{"rendered":"<p>Durante la cuarta semana de febrero, que coincide con la primer semana nacional de salud que se realiza a\u00f1o con a\u00f1o en todo el pa\u00eds, la direcci\u00f3n de Servicios M\u00e9dicos de Chiautempan, anunci\u00f3 e hizo la invitaci\u00f3n a toda la ciudadan\u00eda que radica en el municipio sarapero para que acudan de 9:00 a 13:00 Hrs. al m\u00f3dulo de servicios m\u00e9dicos que se encuentra en \u201cLa antigua estaci\u00f3n del tren\u201d para que les sean aplicadas las vacunas correspondientes.<br \/>\nAs\u00ed lo coment\u00f3 el m\u00e9dico y director de dicha \u00e1rea, Rub\u00e9n del Razo Flores, quien adem\u00e1s invit\u00f3 a las y los chiautempenses que tengan ni\u00f1os de 6 meses a 5 a\u00f1os de edad en sus hogares, a que acudan ya sea a las instalaciones de servicios m\u00e9dicos en la cabecera municipal o bien en los centros m\u00e9dicos de sus comunidades, durante esta semana en los horarios mencionados, ya que personal de la Secretar\u00eda de Salud, estar\u00e1 aplicando las dosis correspondientes.<\/p>\n","protected":false},"author":2,"featured_media":42427,"comment_status":"open","ping_status":"open","sticky":false,"template":"","format":"standard","meta":{"footnotes":""},"categories":[4],"tags":[],"class_list":["post-42426","post","type-post","status-publish","format-standard","has-post-thumbnail","hentry","category-local"],"_links":{"self":[{"href":"https:\/\/www.contextosdigital.com\/index.php?rest_route=\/wp\/v2\/posts\/42426","targetHints":{"allow":["GET"]}}],"collection":[{"href":"https:\/\/www.contextosdigital.com\/index.php?rest_route=\/wp\/v2\/posts"}],"about":[{"href":"https:\/\/www.contextosdigital.com\/index.php?rest_route=\/wp\/v2\/types\/post"}],"author":[{"embeddable":true,"href":"https:\/\/www.contextosdigital.com\/index.php?rest_route=\/wp\/v2\/users\/2"}],"replies":[{"embeddable":true,"href":"https:\/\/www.contextosdigital.com\/index.php?rest_route=%2Fwp%2Fv2%2Fcomments&post=42426"}],"version-history":[{"count":1,"href":"https:\/\/www.contextosdigital.com\/index.php?rest_route=\/wp\/v2\/posts\/42426\/revisions"}],"predecessor-version":[{"id":42428,"href":"https:\/\/www.contextosdigital.com\/index.php?rest_route=\/wp\/v2\/posts\/42426\/revisions\/42428"}],"wp:featuredmedia":[{"embeddable":true,"href":"https:\/\/www.contextosdigital.com\/index.php?rest_route=\/wp\/v2\/media\/42427"}],"wp:attachment":[{"href":"https:\/\/www.contextosdigital.com\/index.php?rest_route=%2Fwp%2Fv2%2Fmedia&parent=42426"}],"wp:term":[{"taxonomy":"category","embeddable":true,"href":"https:\/\/www.contextosdigital.com\/index.php?rest_route=%2Fwp%2Fv2%2Fcategories&post=42426"},{"taxonomy":"post_tag","embeddable":true,"href":"https:\/\/www.contextosdigital.com\/index.php?rest_route=%2Fwp%2Fv2%2Ftags&post=42426"}],"curies":[{"name":"wp","href":"https:\/\/api.w.org\/{rel}","templated":true}]}}