{"id":42420,"date":"2016-02-25T09:59:07","date_gmt":"2016-02-25T14:59:07","guid":{"rendered":"http:\/\/www.contextosdigital.com\/?p=42420"},"modified":"2016-02-25T09:59:07","modified_gmt":"2016-02-25T14:59:07","slug":"despliega-pgje-operativo-de-busqueda-de-menor-desaparecida","status":"publish","type":"post","link":"https:\/\/www.contextosdigital.com\/?p=42420","title":{"rendered":"Despliega PGJE operativo de b\u00fasqueda de menor desaparecida"},"content":{"rendered":"<p>Sin escatimar alg\u00fan tipo de recurso y cumpliendo su compromiso de desahogar todas las l\u00edneas de investigaci\u00f3n posibles con la finalidad de ubicar el paradero de la menor Karla N., la Procuradur\u00eda General de Justicia del Estado (PGJE) implement\u00f3 con corporaciones estatales y federales un operativo de b\u00fasqueda sobre las inmediaciones del municipio de San Pablo del Monte.<\/p>\n<p>Esta operaci\u00f3n t\u00e1ctica fue encabezada por oficiales de la Polic\u00eda de Investigaci\u00f3n, agentes del Ministerio P\u00fablico y peritos de la PGJE, con apoyo del Grupo de Rescate \u201cMalinche\u201d de la Comisi\u00f3n Estatal de Seguridad (CES), del grupo de la Gendarmer\u00eda de la Polic\u00eda Federal (PF), de la Secretar\u00eda de la Defensa Nacional (Sedena) y de la Coordinaci\u00f3n de Protecci\u00f3n Civil del Estado (CPCE).<\/p>\n<p>Asimismo, este esfuerzo en conjunto fue guiado por personal especializado del Departamento del Parque Nacional Malinche de la Coordinaci\u00f3n General de Ecolog\u00eda (CGE), quienes por su experiencia conocen a la perfecci\u00f3n la zona de la b\u00fasqueda.<\/p>\n<p>De esta manera, las corporaciones de seguridad conformaron ocho grupos que inspeccionaron de manera paralela el mismo n\u00famero de cuadrantes en las inmediaciones de la localidad de San Isidro Buen Suceso, del municipio de San Pablo del Monte.<\/p>\n<p>Aunado a ello, y con el prop\u00f3sito de ampliar el rango de b\u00fasqueda se despleg\u00f3 el helic\u00f3ptero de la CES, cuya funci\u00f3n fue estrictamente la exploraci\u00f3n en zonas de dif\u00edcil acceso para los especialistas.<\/p>\n<p>Es as\u00ed, que el Gobierno del Estado ratifica su compromiso de no escatimar recursos con la finalidad de agotar todas las acciones y l\u00edneas de investigaciones correspondientes, a fin de recabar indicios y pistas que conlleven a la localizaci\u00f3n de la menor Karla N.<\/p>\n","protected":false},"excerpt":{"rendered":"<p>Sin escatimar alg\u00fan tipo de recurso y cumpliendo su compromiso de desahogar todas las l\u00edneas de investigaci\u00f3n posibles con la finalidad de ubicar el paradero de la menor Karla N., la Procuradur\u00eda General de Justicia del Estado (PGJE) implement\u00f3 con corporaciones estatales y federales un operativo de b\u00fasqueda sobre las inmediaciones del municipio de San Pablo del Monte.<br \/>\nEsta operaci\u00f3n t\u00e1ctica fue encabezada por oficiales de la Polic\u00eda de Investigaci\u00f3n, agentes del Ministerio P\u00fablico y peritos de la PGJE, con apoyo del Grupo de Rescate \u201cMalinche\u201d de la Comisi\u00f3n Estatal de Seguridad (CES), del grupo de la Gendarmer\u00eda de la Polic\u00eda Federal (PF), de la Secretar\u00eda de la Defensa Nacional (Sedena) y de la Coordinaci\u00f3n de Protecci\u00f3n Civil del Estado (CPCE).<br \/>\nAsimismo, este esfuerzo en conjunto fue guiado por personal especializado del Departamento del Parque Nacional Malinche de la Coordinaci\u00f3n General de Ecolog\u00eda (CGE), quienes por su experiencia conocen a la perfecci\u00f3n la zona de la b\u00fasqueda.<\/p>\n","protected":false},"author":2,"featured_media":42421,"comment_status":"open","ping_status":"open","sticky":false,"template":"","format":"standard","meta":{"footnotes":""},"categories":[4],"tags":[],"class_list":["post-42420","post","type-post","status-publish","format-standard","has-post-thumbnail","hentry","category-local"],"_links":{"self":[{"href":"https:\/\/www.contextosdigital.com\/index.php?rest_route=\/wp\/v2\/posts\/42420","targetHints":{"allow":["GET"]}}],"collection":[{"href":"https:\/\/www.contextosdigital.com\/index.php?rest_route=\/wp\/v2\/posts"}],"about":[{"href":"https:\/\/www.contextosdigital.com\/index.php?rest_route=\/wp\/v2\/types\/post"}],"author":[{"embeddable":true,"href":"https:\/\/www.contextosdigital.com\/index.php?rest_route=\/wp\/v2\/users\/2"}],"replies":[{"embeddable":true,"href":"https:\/\/www.contextosdigital.com\/index.php?rest_route=%2Fwp%2Fv2%2Fcomments&post=42420"}],"version-history":[{"count":1,"href":"https:\/\/www.contextosdigital.com\/index.php?rest_route=\/wp\/v2\/posts\/42420\/revisions"}],"predecessor-version":[{"id":42422,"href":"https:\/\/www.contextosdigital.com\/index.php?rest_route=\/wp\/v2\/posts\/42420\/revisions\/42422"}],"wp:featuredmedia":[{"embeddable":true,"href":"https:\/\/www.contextosdigital.com\/index.php?rest_route=\/wp\/v2\/media\/42421"}],"wp:attachment":[{"href":"https:\/\/www.contextosdigital.com\/index.php?rest_route=%2Fwp%2Fv2%2Fmedia&parent=42420"}],"wp:term":[{"taxonomy":"category","embeddable":true,"href":"https:\/\/www.contextosdigital.com\/index.php?rest_route=%2Fwp%2Fv2%2Fcategories&post=42420"},{"taxonomy":"post_tag","embeddable":true,"href":"https:\/\/www.contextosdigital.com\/index.php?rest_route=%2Fwp%2Fv2%2Ftags&post=42420"}],"curies":[{"name":"wp","href":"https:\/\/api.w.org\/{rel}","templated":true}]}}