{"id":42417,"date":"2016-02-25T09:57:42","date_gmt":"2016-02-25T14:57:42","guid":{"rendered":"http:\/\/www.contextosdigital.com\/?p=42417"},"modified":"2016-02-25T09:57:42","modified_gmt":"2016-02-25T14:57:42","slug":"parejas-de-chiautempan-participan-en-campana-gratuita-de-matrimonios","status":"publish","type":"post","link":"https:\/\/www.contextosdigital.com\/?p=42417","title":{"rendered":"Parejas de Chiautempan participan en \u201cCampa\u00f1a gratuita de matrimonios\u201d."},"content":{"rendered":"<p>Elizabeth Meneses Ortega, oficial del registro civil en Chiautempan, coment\u00f3 que en esta ocasi\u00f3n las parejas chiautempenses que participaron, acudieron a las instalaciones del Instituto Tlaxcalteca de la Cultura en la capital del estado, para ser parte de las 800 uniones matrimoniales que se celebraron en el marco de dicho programa.<\/p>\n<p>Meneses Ortega abund\u00f3 que la invitaci\u00f3n fue extendida con m\u00e1s de un mes de anticipaci\u00f3n, a todas aquellas parejas que se encontrasen viviendo en concubinato, uni\u00f3n libre o que quisieran contraer matrimonio, ello con la intenci\u00f3n de regularizar su estado civil y con ello proporcionar un ambiente familiar donde se proporcione certeza jur\u00eddica y prevalezcan los valores humanos entre cada una de las parejas que decidieron unir sus vidas de manera legal.<\/p>\n<p>En dicho evento, los contrayentes recibieron un ramo de flores como obsequio por parte del ayuntamiento, mientras que las uniones fueron celebradas con la presencia de la presidenta honor\u00edfica del SEDIF, Mariana Gonz\u00e1lez Foullon, al terminar les fueron entregadas las actas que ahora los unen como un matrimonio ante la ley.<\/p>\n","protected":false},"excerpt":{"rendered":"<p>Elizabeth Meneses Ortega, oficial del registro civil en Chiautempan, coment\u00f3 que en esta ocasi\u00f3n las parejas chiautempenses que participaron, acudieron a las instalaciones del Instituto Tlaxcalteca de la Cultura en la capital del estado, para ser parte de las 800 uniones matrimoniales que se celebraron en el marco de dicho programa.<br \/>\nMeneses Ortega abund\u00f3 que la invitaci\u00f3n fue extendida con m\u00e1s de un mes de anticipaci\u00f3n, a todas aquellas parejas que se encontrasen viviendo en concubinato, uni\u00f3n libre o que quisieran contraer matrimonio, ello con la intenci\u00f3n de regularizar su estado civil <\/p>\n","protected":false},"author":2,"featured_media":42418,"comment_status":"open","ping_status":"open","sticky":false,"template":"","format":"standard","meta":{"footnotes":""},"categories":[4],"tags":[],"class_list":["post-42417","post","type-post","status-publish","format-standard","has-post-thumbnail","hentry","category-local"],"_links":{"self":[{"href":"https:\/\/www.contextosdigital.com\/index.php?rest_route=\/wp\/v2\/posts\/42417","targetHints":{"allow":["GET"]}}],"collection":[{"href":"https:\/\/www.contextosdigital.com\/index.php?rest_route=\/wp\/v2\/posts"}],"about":[{"href":"https:\/\/www.contextosdigital.com\/index.php?rest_route=\/wp\/v2\/types\/post"}],"author":[{"embeddable":true,"href":"https:\/\/www.contextosdigital.com\/index.php?rest_route=\/wp\/v2\/users\/2"}],"replies":[{"embeddable":true,"href":"https:\/\/www.contextosdigital.com\/index.php?rest_route=%2Fwp%2Fv2%2Fcomments&post=42417"}],"version-history":[{"count":1,"href":"https:\/\/www.contextosdigital.com\/index.php?rest_route=\/wp\/v2\/posts\/42417\/revisions"}],"predecessor-version":[{"id":42419,"href":"https:\/\/www.contextosdigital.com\/index.php?rest_route=\/wp\/v2\/posts\/42417\/revisions\/42419"}],"wp:featuredmedia":[{"embeddable":true,"href":"https:\/\/www.contextosdigital.com\/index.php?rest_route=\/wp\/v2\/media\/42418"}],"wp:attachment":[{"href":"https:\/\/www.contextosdigital.com\/index.php?rest_route=%2Fwp%2Fv2%2Fmedia&parent=42417"}],"wp:term":[{"taxonomy":"category","embeddable":true,"href":"https:\/\/www.contextosdigital.com\/index.php?rest_route=%2Fwp%2Fv2%2Fcategories&post=42417"},{"taxonomy":"post_tag","embeddable":true,"href":"https:\/\/www.contextosdigital.com\/index.php?rest_route=%2Fwp%2Fv2%2Ftags&post=42417"}],"curies":[{"name":"wp","href":"https:\/\/api.w.org\/{rel}","templated":true}]}}