{"id":42414,"date":"2016-02-25T09:56:08","date_gmt":"2016-02-25T14:56:08","guid":{"rendered":"http:\/\/www.contextosdigital.com\/?p=42414"},"modified":"2016-02-25T09:56:08","modified_gmt":"2016-02-25T14:56:08","slug":"localiza-policia-capitalina-a-menor-reportado-como-extraviado","status":"publish","type":"post","link":"https:\/\/www.contextosdigital.com\/?p=42414","title":{"rendered":"Localiza polic\u00eda capitalina a menor reportado como extraviado"},"content":{"rendered":"<p>En menos de media hora, elementos de polic\u00eda municipal de Tlaxcala localizaron, a un ni\u00f1o de 6 a\u00f1os de edad, reportado como extraviado de la Escuela Primaria \u201cManuel Lardiz\u00e1bal\u201d.<\/p>\n<p>Raymundo Fragoso Mu\u00f1oz, titular de la polic\u00eda capitalina, resalt\u00f3 que los hechos se verificaron alrededor de la 13:00 horas de este mi\u00e9rcoles.<\/p>\n<p>Tras la alarma al n\u00famero de emergencia 066, los uniformados municipales, desplegaron el operativo de localizaci\u00f3n del infante.<\/p>\n<p>Mencion\u00f3 que los elementos recorrieron los alrededores del centro escolar, y visualizaron al menor que camin\u00f3 hasta el estacionamiento de un centro comercial ubicado en el Boulevard Guillermo Valle.<\/p>\n<p>Destac\u00f3\u00a0 que al ser abordado por el uniformado,\u00a0 el menor se encontraba en perfectas condiciones, por lo que fue conducido a las oficinas de la Direcci\u00f3n de Seguridad P\u00fablica, Vialidad y Protecci\u00f3n Civil Municipal de Tlaxcala.<\/p>\n<p>Ah\u00ed se aperson\u00f3 quien dijo y se identific\u00f3 como la madre del menor, al tiempo que agradeci\u00f3 la inmediata intervenci\u00f3n de la polic\u00eda capitalina, al localizar a su hijo, el cual no la esper\u00f3 a salir del mencionado centro educativo.<\/p>\n<p>Finalmente, Fragoso Mu\u00f1oz indic\u00f3 que haci\u00e9ndose la identificaci\u00f3n y muestra de documentos que acreditaron el parentesco, el peque\u00f1o fue entregado a su familiar.<\/p>\n","protected":false},"excerpt":{"rendered":"<p>En menos de media hora, elementos de polic\u00eda municipal de Tlaxcala localizaron, a un ni\u00f1o de 6 a\u00f1os de edad, reportado como extraviado de la Escuela Primaria \u201cManuel Lardiz\u00e1bal\u201d.<br \/>\nRaymundo Fragoso Mu\u00f1oz, titular de la polic\u00eda capitalina, resalt\u00f3 que los hechos se verificaron alrededor de la 13:00 horas de este mi\u00e9rcoles.<br \/>\nTras la alarma al n\u00famero de emergencia 066, los uniformados municipales, desplegaron el operativo de localizaci\u00f3n del infante.<br \/>\nMencion\u00f3 que los elementos recorrieron los alrededores del centro escolar, y visualizaron al menor que camin\u00f3 hasta el estacionamiento de un centro comercial ubicado en el Boulevard Guillermo Valle.  <\/p>\n","protected":false},"author":2,"featured_media":42415,"comment_status":"open","ping_status":"open","sticky":false,"template":"","format":"standard","meta":{"footnotes":""},"categories":[4],"tags":[],"class_list":["post-42414","post","type-post","status-publish","format-standard","has-post-thumbnail","hentry","category-local"],"_links":{"self":[{"href":"https:\/\/www.contextosdigital.com\/index.php?rest_route=\/wp\/v2\/posts\/42414","targetHints":{"allow":["GET"]}}],"collection":[{"href":"https:\/\/www.contextosdigital.com\/index.php?rest_route=\/wp\/v2\/posts"}],"about":[{"href":"https:\/\/www.contextosdigital.com\/index.php?rest_route=\/wp\/v2\/types\/post"}],"author":[{"embeddable":true,"href":"https:\/\/www.contextosdigital.com\/index.php?rest_route=\/wp\/v2\/users\/2"}],"replies":[{"embeddable":true,"href":"https:\/\/www.contextosdigital.com\/index.php?rest_route=%2Fwp%2Fv2%2Fcomments&post=42414"}],"version-history":[{"count":1,"href":"https:\/\/www.contextosdigital.com\/index.php?rest_route=\/wp\/v2\/posts\/42414\/revisions"}],"predecessor-version":[{"id":42416,"href":"https:\/\/www.contextosdigital.com\/index.php?rest_route=\/wp\/v2\/posts\/42414\/revisions\/42416"}],"wp:featuredmedia":[{"embeddable":true,"href":"https:\/\/www.contextosdigital.com\/index.php?rest_route=\/wp\/v2\/media\/42415"}],"wp:attachment":[{"href":"https:\/\/www.contextosdigital.com\/index.php?rest_route=%2Fwp%2Fv2%2Fmedia&parent=42414"}],"wp:term":[{"taxonomy":"category","embeddable":true,"href":"https:\/\/www.contextosdigital.com\/index.php?rest_route=%2Fwp%2Fv2%2Fcategories&post=42414"},{"taxonomy":"post_tag","embeddable":true,"href":"https:\/\/www.contextosdigital.com\/index.php?rest_route=%2Fwp%2Fv2%2Ftags&post=42414"}],"curies":[{"name":"wp","href":"https:\/\/api.w.org\/{rel}","templated":true}]}}