{"id":42411,"date":"2016-02-25T09:54:04","date_gmt":"2016-02-25T14:54:04","guid":{"rendered":"http:\/\/www.contextosdigital.com\/?p=42411"},"modified":"2016-02-25T09:54:04","modified_gmt":"2016-02-25T14:54:04","slug":"en-chiautempan-brindan-auxilio-a-personas-en-percance-vial","status":"publish","type":"post","link":"https:\/\/www.contextosdigital.com\/?p=42411","title":{"rendered":"En Chiautempan brindan auxilio a personas en percance vial."},"content":{"rendered":"<p>El pasado viernes 19 de febrero alrededor de las 14:30 Hrs. elementos de la direcci\u00f3n de seguridad y vialidad municipal de Chiautempan, adem\u00e1s de personal del \u00e1rea de servicios m\u00e9dicos municipales, acudieron a la calle Allende, de la Colonia Lucero, de la cabecera municipal, para brindar apoyo y primeros auxilios a las personas que resultaron heridas tras ser atropelladas.<\/p>\n<p>As\u00ed lo coment\u00f3 el comandante y director de seguridad municipal, Gonzalo Mart\u00ednez Caricio, quien abund\u00f3 que tras haber atropellado a dos personas del sexo femenino, fue asegurado el presunto responsable, una persona de sexo masculino de 47 a\u00f1os de edad, a quien se le leyeron sus derechos y respetaron sus garant\u00edas en todo momento, al tiempo que fue presentado ante el ministerio p\u00fablico como probable responsable, por lo que tambi\u00e9n se puso a disposici\u00f3n de la misma autoridad, el veh\u00edculo marca Honda modelo 2007, con placas de Tlaxcala en el que se transportaba.<\/p>\n<p>Por su parte el m\u00e9dico y director de Servicios M\u00e9dicos municipales, Rub\u00e9n del Razo Flores, coment\u00f3 que de manera inmediata se atendi\u00f3 a las personas que resultaron heridas tras dicho percance, ambas de sexo femenino, una de 72 a\u00f1os y una m\u00e1s 5 a\u00f1os de edad, quienes fueron trasladadas al hospital del IMSS No. 1 de la colonia Loma Xicoht\u00e9ncatl en Tlaxcala, y al hospital del ISSSTE para su atenci\u00f3n m\u00e9dica respectivamente.<\/p>\n","protected":false},"excerpt":{"rendered":"<p>El pasado viernes 19 de febrero alrededor de las 14:30 Hrs. elementos de la direcci\u00f3n de seguridad y vialidad municipal de Chiautempan, adem\u00e1s de personal del \u00e1rea de servicios m\u00e9dicos municipales, acudieron a la calle Allende, de la Colonia Lucero, de la cabecera municipal, para brindar apoyo y primeros auxilios a las personas que resultaron heridas tras ser atropelladas.<br \/>\nAs\u00ed lo coment\u00f3 el comandante y director de seguridad municipal, Gonzalo Mart\u00ednez Caricio, quien abund\u00f3 que tras haber atropellado a dos personas del sexo femenino, fue asegurado el presunto responsable, una persona de sexo masculino de 47 a\u00f1os de edad, a quien se le leyeron sus derechos y respetaron sus garant\u00edas en todo momento<\/p>\n","protected":false},"author":2,"featured_media":42412,"comment_status":"open","ping_status":"open","sticky":false,"template":"","format":"standard","meta":{"footnotes":""},"categories":[4],"tags":[],"class_list":["post-42411","post","type-post","status-publish","format-standard","has-post-thumbnail","hentry","category-local"],"_links":{"self":[{"href":"https:\/\/www.contextosdigital.com\/index.php?rest_route=\/wp\/v2\/posts\/42411","targetHints":{"allow":["GET"]}}],"collection":[{"href":"https:\/\/www.contextosdigital.com\/index.php?rest_route=\/wp\/v2\/posts"}],"about":[{"href":"https:\/\/www.contextosdigital.com\/index.php?rest_route=\/wp\/v2\/types\/post"}],"author":[{"embeddable":true,"href":"https:\/\/www.contextosdigital.com\/index.php?rest_route=\/wp\/v2\/users\/2"}],"replies":[{"embeddable":true,"href":"https:\/\/www.contextosdigital.com\/index.php?rest_route=%2Fwp%2Fv2%2Fcomments&post=42411"}],"version-history":[{"count":1,"href":"https:\/\/www.contextosdigital.com\/index.php?rest_route=\/wp\/v2\/posts\/42411\/revisions"}],"predecessor-version":[{"id":42413,"href":"https:\/\/www.contextosdigital.com\/index.php?rest_route=\/wp\/v2\/posts\/42411\/revisions\/42413"}],"wp:featuredmedia":[{"embeddable":true,"href":"https:\/\/www.contextosdigital.com\/index.php?rest_route=\/wp\/v2\/media\/42412"}],"wp:attachment":[{"href":"https:\/\/www.contextosdigital.com\/index.php?rest_route=%2Fwp%2Fv2%2Fmedia&parent=42411"}],"wp:term":[{"taxonomy":"category","embeddable":true,"href":"https:\/\/www.contextosdigital.com\/index.php?rest_route=%2Fwp%2Fv2%2Fcategories&post=42411"},{"taxonomy":"post_tag","embeddable":true,"href":"https:\/\/www.contextosdigital.com\/index.php?rest_route=%2Fwp%2Fv2%2Ftags&post=42411"}],"curies":[{"name":"wp","href":"https:\/\/api.w.org\/{rel}","templated":true}]}}