{"id":42407,"date":"2016-02-25T09:51:40","date_gmt":"2016-02-25T14:51:40","guid":{"rendered":"http:\/\/www.contextosdigital.com\/?p=42407"},"modified":"2016-02-25T09:51:40","modified_gmt":"2016-02-25T14:51:40","slug":"aprehende-pgje-en-contla-a-sujeto-acusado-de-fraude","status":"publish","type":"post","link":"https:\/\/www.contextosdigital.com\/?p=42407","title":{"rendered":"Aprehende PGJE en Contla a sujeto acusado de fraude"},"content":{"rendered":"<p>La Polic\u00eda de Investigaci\u00f3n adscrita a la Procuradur\u00eda General de Justicia del Estado (PGJE) concret\u00f3 la captura de Vicente Cocoletzi Acoltzi en el municipio de Contla, quien contaba con una orden de aprehensi\u00f3n en la entidad por el delito de fraude, por lo que fue capturado y remitido al Centro de Reinserci\u00f3n Social (Cereso) desde donde enfrentar\u00e1 su proceso penal.<\/p>\n<p>Dicha acci\u00f3n se concret\u00f3 luego de que los detectives se abocaron a investigar el paradero de Vicente Cocoletzi Acoltzi, en virtud de que contaba con un mandamiento judicial por el delito de fraude, dentro del proceso 700\/2015, emitido por el Juez Segundo de lo Penal del Distrito Judicial de Guridi y Alcocer.<\/p>\n<p>Posteriormente, resultado de las diferentes pesquisas practicadas por los elementos adscritos a la dependencia encargada de procurar justicia, tuvieron conocimiento que el hoy indiciado podr\u00eda ser ubicado en el municipio de Contla de Juan Cuamatzi.<\/p>\n<p>Con estos indicios, la tarde del 24 de febrero, los oficiales se trasladaron a dicha demarcaci\u00f3n, donde ubicaron espec\u00edficamente en la calle Francisco I. Madero, de la Secci\u00f3n S\u00e9ptima, en la colonia Centro, una camioneta\u00a0 marca Dodge Ram, color negro, con placas de circulaci\u00f3n SG-22-927 particulares del estado de Puebla, la cual era conducida por el imputado.<\/p>\n<p>Ante esta situaci\u00f3n, la Polic\u00eda de Investigaci\u00f3n le marc\u00f3 el alto al sospechoso; sin embargo, este hizo caso omiso a la instrucci\u00f3n y emprendi\u00f3 la huida, lo que provoc\u00f3 que impactara su unidad contra la patrulla de los oficiales, incluso derivado del golpe, el neum\u00e1tico de la camioneta se revent\u00f3.<\/p>\n<p>Acto seguido, el probable responsable descendi\u00f3 de su unidad e intento ingresar a un domicilio particular, a fin de sustraerse de la justicia; no obstante, fue capturado antes de que lograra su cometido.<\/p>\n<p>Cabe se\u00f1alar que dicha acci\u00f3n se concret\u00f3 sin que se registrara un solo disparo de arma de fuego; asimismo, en todo momento los detectives salvaguardaron las garant\u00edas individuales de Vicente Cocoletzi Acoltzi, quien fue aprehendido y remitido al Centro de Reinserci\u00f3n Social (Cereso) desde donde enfrentar\u00e1 su proceso penal.<\/p>\n","protected":false},"excerpt":{"rendered":"<p>La Polic\u00eda de Investigaci\u00f3n adscrita a la Procuradur\u00eda General de Justicia del Estado (PGJE) concret\u00f3 la captura de Vicente Cocoletzi Acoltzi en el municipio de Contla, quien contaba con una orden de aprehensi\u00f3n en la entidad por el delito de fraude, por lo que fue capturado y remitido al Centro de Reinserci\u00f3n Social (Cereso) desde donde enfrentar\u00e1 su proceso penal.<br \/>\nDicha acci\u00f3n se concret\u00f3 luego de que los detectives se abocaron a investigar el paradero de Vicente Cocoletzi Acoltzi, en virtud de que contaba con un mandamiento judicial por el delito de fraude, dentro del proceso 700\/2015, emitido por el Juez Segundo de lo Penal del Distrito Judicial de Guridi y Alcocer.<\/p>\n","protected":false},"author":2,"featured_media":42409,"comment_status":"open","ping_status":"open","sticky":false,"template":"","format":"standard","meta":{"footnotes":""},"categories":[4],"tags":[],"class_list":["post-42407","post","type-post","status-publish","format-standard","has-post-thumbnail","hentry","category-local"],"_links":{"self":[{"href":"https:\/\/www.contextosdigital.com\/index.php?rest_route=\/wp\/v2\/posts\/42407","targetHints":{"allow":["GET"]}}],"collection":[{"href":"https:\/\/www.contextosdigital.com\/index.php?rest_route=\/wp\/v2\/posts"}],"about":[{"href":"https:\/\/www.contextosdigital.com\/index.php?rest_route=\/wp\/v2\/types\/post"}],"author":[{"embeddable":true,"href":"https:\/\/www.contextosdigital.com\/index.php?rest_route=\/wp\/v2\/users\/2"}],"replies":[{"embeddable":true,"href":"https:\/\/www.contextosdigital.com\/index.php?rest_route=%2Fwp%2Fv2%2Fcomments&post=42407"}],"version-history":[{"count":1,"href":"https:\/\/www.contextosdigital.com\/index.php?rest_route=\/wp\/v2\/posts\/42407\/revisions"}],"predecessor-version":[{"id":42410,"href":"https:\/\/www.contextosdigital.com\/index.php?rest_route=\/wp\/v2\/posts\/42407\/revisions\/42410"}],"wp:featuredmedia":[{"embeddable":true,"href":"https:\/\/www.contextosdigital.com\/index.php?rest_route=\/wp\/v2\/media\/42409"}],"wp:attachment":[{"href":"https:\/\/www.contextosdigital.com\/index.php?rest_route=%2Fwp%2Fv2%2Fmedia&parent=42407"}],"wp:term":[{"taxonomy":"category","embeddable":true,"href":"https:\/\/www.contextosdigital.com\/index.php?rest_route=%2Fwp%2Fv2%2Fcategories&post=42407"},{"taxonomy":"post_tag","embeddable":true,"href":"https:\/\/www.contextosdigital.com\/index.php?rest_route=%2Fwp%2Fv2%2Ftags&post=42407"}],"curies":[{"name":"wp","href":"https:\/\/api.w.org\/{rel}","templated":true}]}}