{"id":42400,"date":"2016-02-24T07:56:58","date_gmt":"2016-02-24T12:56:58","guid":{"rendered":"http:\/\/www.contextosdigital.com\/?p=42400"},"modified":"2016-02-24T07:56:58","modified_gmt":"2016-02-24T12:56:58","slug":"renueva-federacion-de-estudiantes-de-la-uat-su-comite-ejecutivo","status":"publish","type":"post","link":"https:\/\/www.contextosdigital.com\/?p=42400","title":{"rendered":"Renueva Federaci\u00f3n de Estudiantes de la UAT su Comit\u00e9 Ejecutivo"},"content":{"rendered":"<p>El Mtro. Rub\u00e9n Reyes C\u00f3rdoba, Rector de la Universidad Aut\u00f3noma de Tlaxcala (UAT), tom\u00f3 la protesta al nuevo Comit\u00e9 Ejecutivo de la Federaci\u00f3n de Estudiantes de la m\u00e1xima Casa de Estudios (FEUAT), la cual es una organizaci\u00f3n conformada por alumnos de las diferentes \u00e1reas acad\u00e9micas de la Instituci\u00f3n, y qued\u00f3 encabezada por Ana Mercedes P\u00e9rez Cruz, de la Facultad de Trabajo Social, Sociolog\u00eda y Psicolog\u00eda.<\/p>\n<p>Durante el acto, realizado en el auditorio de Residencia Universitaria, el Mtro. Reyes C\u00f3rdoba indic\u00f3 que la tarea de las universidades es la formaci\u00f3n de profesionales competentes y de individuos que resuelvan creativamente problem\u00e1ticas diversas, es decir, de manera novedosa, eficiente y eficaz.<\/p>\n<p>En este sentido, sostuvo que como integrantes de este nuevo Comit\u00e9, ser\u00e1n los responsables de socializar e influir en sus compa\u00f1eros para trabajar de manera conjunta con las autoridades universitarias en la concreci\u00f3n de los proyectos\u00a0 institucionales que se generen, y ser\u00e1n el ejemplo a seguir de sus colegas.<\/p>\n<p>El Mtro. Rub\u00e9n Reyes apunt\u00f3 que la FEUAT, desde su \u00e1mbito de acci\u00f3n, podr\u00e1 proponer acciones y actividades que fortalezcan la formaci\u00f3n de estudiantes y el posicionamiento de la Aut\u00f3noma de Tlaxcala en el contexto nacional as\u00ed como el internacional.<\/p>\n<p>Record\u00f3 que esta agrupaci\u00f3n estudiantil es un gran proyecto universitario ya consolidado,\u00a0 que ha tenido l\u00edderes importantes a lo largo de los a\u00f1os, los que han fortalecido la presencia de la Universidad en diferentes niveles de la sociedad, como su fundador, el Dr. Seraf\u00edn Ortiz Ortiz, ex rector de la UAT.<\/p>\n<p>De igual forma, el Mtro. Rub\u00e9n Reyes C\u00f3rdoba reconoci\u00f3 la labor realizada por el estudiante Fernando Luna V\u00e1zquez, quien se desempe\u00f1\u00f3 como Presidente de esta Federaci\u00f3n durante el periodo 2013\u20132015.<\/p>\n<p>Para concluir su intervenci\u00f3n, exhort\u00f3 al nuevo Comit\u00e9 Ejecutivo a caminar unidos y a mantener la cohesi\u00f3n y la armon\u00eda que distingue a los universitarios de la Aut\u00f3noma de Tlaxcala.<\/p>\n<p>A su vez, Fernando Luna V\u00e1zquez, agradeci\u00f3 el respaldo otorgado por las autoridades de la m\u00e1xima Casa de Estudios, y refiri\u00f3 que la experiencia de haber dirigido esta organizaci\u00f3n estudiantil, le brind\u00f3 la oportunidad de crecer en lo personal y en lo profesional.<\/p>\n","protected":false},"excerpt":{"rendered":"<p>El Mtro. Rub\u00e9n Reyes C\u00f3rdoba, Rector de la Universidad Aut\u00f3noma de Tlaxcala (UAT), tom\u00f3 la protesta al nuevo Comit\u00e9 Ejecutivo de la Federaci\u00f3n de Estudiantes de la m\u00e1xima Casa de Estudios (FEUAT), la cual es una organizaci\u00f3n conformada por alumnos de las diferentes \u00e1reas acad\u00e9micas de la Instituci\u00f3n, y qued\u00f3 encabezada por Ana Mercedes P\u00e9rez Cruz, de la Facultad de Trabajo Social, Sociolog\u00eda y Psicolog\u00eda.<br \/>\n Durante el acto, realizado en el auditorio de Residencia Universitaria, el Mtro. Reyes C\u00f3rdoba indic\u00f3 que la tarea de las universidades es la formaci\u00f3n de profesionales competentes y de individuos que resuelvan creativamente problem\u00e1ticas diversas, es decir, de manera novedosa, eficiente y eficaz.<br \/>\n En este sentido, sostuvo que como integrantes de este nuevo Comit\u00e9, ser\u00e1n los responsables de socializar e influir en sus compa\u00f1eros para trabajar de manera conjunta con las autoridades universitarias en la concreci\u00f3n de los proyectos  institucionales que se generen<\/p>\n","protected":false},"author":2,"featured_media":42401,"comment_status":"open","ping_status":"open","sticky":false,"template":"","format":"standard","meta":{"footnotes":""},"categories":[4],"tags":[],"class_list":["post-42400","post","type-post","status-publish","format-standard","has-post-thumbnail","hentry","category-local"],"_links":{"self":[{"href":"https:\/\/www.contextosdigital.com\/index.php?rest_route=\/wp\/v2\/posts\/42400","targetHints":{"allow":["GET"]}}],"collection":[{"href":"https:\/\/www.contextosdigital.com\/index.php?rest_route=\/wp\/v2\/posts"}],"about":[{"href":"https:\/\/www.contextosdigital.com\/index.php?rest_route=\/wp\/v2\/types\/post"}],"author":[{"embeddable":true,"href":"https:\/\/www.contextosdigital.com\/index.php?rest_route=\/wp\/v2\/users\/2"}],"replies":[{"embeddable":true,"href":"https:\/\/www.contextosdigital.com\/index.php?rest_route=%2Fwp%2Fv2%2Fcomments&post=42400"}],"version-history":[{"count":1,"href":"https:\/\/www.contextosdigital.com\/index.php?rest_route=\/wp\/v2\/posts\/42400\/revisions"}],"predecessor-version":[{"id":42402,"href":"https:\/\/www.contextosdigital.com\/index.php?rest_route=\/wp\/v2\/posts\/42400\/revisions\/42402"}],"wp:featuredmedia":[{"embeddable":true,"href":"https:\/\/www.contextosdigital.com\/index.php?rest_route=\/wp\/v2\/media\/42401"}],"wp:attachment":[{"href":"https:\/\/www.contextosdigital.com\/index.php?rest_route=%2Fwp%2Fv2%2Fmedia&parent=42400"}],"wp:term":[{"taxonomy":"category","embeddable":true,"href":"https:\/\/www.contextosdigital.com\/index.php?rest_route=%2Fwp%2Fv2%2Fcategories&post=42400"},{"taxonomy":"post_tag","embeddable":true,"href":"https:\/\/www.contextosdigital.com\/index.php?rest_route=%2Fwp%2Fv2%2Ftags&post=42400"}],"curies":[{"name":"wp","href":"https:\/\/api.w.org\/{rel}","templated":true}]}}