{"id":42394,"date":"2016-02-24T07:54:21","date_gmt":"2016-02-24T12:54:21","guid":{"rendered":"http:\/\/www.contextosdigital.com\/?p=42394"},"modified":"2016-02-24T07:54:21","modified_gmt":"2016-02-24T12:54:21","slug":"inaugura-mgf-segunda-etapa-del-programa-escuela-de-familias-para-cecyte-y-emsad","status":"publish","type":"post","link":"https:\/\/www.contextosdigital.com\/?p=42394","title":{"rendered":"Inaugura MGF segunda etapa del programa \u201cEscuela de Familias\u201d para CECYTE y EMSAD"},"content":{"rendered":"<p>La Presidente Honor\u00edfica del Sistema Estatal para el Desarrollo Integral de la Familia (DIF), Mariana Gonz\u00e1lez Foullon, inaugur\u00f3 la segunda etapa del programa \u201cEscuela de Familias\u201d, dirigido a 56 plantes del Colegio de Estudios Cient\u00edficos y Tecnol\u00f3gicos (Cecyte) y Centros de Educaci\u00f3n Media Superior a Distancia (Emsad), con el objetivo de reforzar los valores entre la juventud.<\/p>\n<p>Ante alumnos del Cecyte n\u00famero 10, de Yauhquemehcan, Gonz\u00e1lez Foullon pidi\u00f3 a los j\u00f3venes vivir a plenitud cada uno de los momentos que les toca experimentar, pero siempre con responsabilidad y respeto hacia su persona.<\/p>\n<p>Asimismo, agradeci\u00f3 la confianza a los padres de familia, as\u00ed como su colaboraci\u00f3n, ya que mediante la corresponsabilidad se fortalece la educaci\u00f3n en casa, y se forma mejor a los j\u00f3venes.<\/p>\n<p>En el sal\u00f3n social de la Comunidad de San Benito Xaltocan, de Yauhquemehcan, la Presidente Honor\u00edfica del DIF afirm\u00f3 que el Gobernador del Estado, Mariano Gonz\u00e1lez Zarur, est\u00e1 comprometido con los j\u00f3venes y con toda la sociedad, y que desde el inicio de la presente administraci\u00f3n busc\u00f3 un desarrollo incluyente.<\/p>\n<p>\u201cEl Gobernador trabaja en favor de las familias tlaxcaltecas, porque es ah\u00ed donde se aprenden los principios b\u00e1sicos de las convivencias entre personas\u201d, acentu\u00f3.<\/p>\n<p>Por su parte, Felipe Meneses, director del plantel 10, agradeci\u00f3 al DIF por esta segunda etapa, la cual llegar\u00e1 a m\u00e1s de 18 mil alumnos, ya que con esta se logra endurecer la educaci\u00f3n de los estudiantes para que no caigan en situaciones dif\u00edciles, como drogas, bullying, embarazos prematuros, entre otros.<\/p>\n<p>En el evento estuvieron presentes \u00d3scar C\u00e9sar Mateos Castro, director del Cecyte; Gustavo Carpintero Vega, conferencista, Mauro V\u00e1zquez Cruz, regidor de educaci\u00f3n de Yauhquemehcan, padres de familia y alumnos.<\/p>\n","protected":false},"excerpt":{"rendered":"<p>La Presidente Honor\u00edfica del Sistema Estatal para el Desarrollo Integral de la Familia (DIF), Mariana Gonz\u00e1lez Foullon, inaugur\u00f3 la segunda etapa del programa \u201cEscuela de Familias\u201d, dirigido a 56 plantes del Colegio de Estudios Cient\u00edficos y Tecnol\u00f3gicos (Cecyte) y Centros de Educaci\u00f3n Media Superior a Distancia (Emsad), con el objetivo de reforzar los valores entre la juventud.<br \/>\nAnte alumnos del Cecyte n\u00famero 10, de Yauhquemehcan, Gonz\u00e1lez Foullon pidi\u00f3 a los j\u00f3venes vivir a plenitud cada uno de los momentos que les toca experimentar, pero siempre con responsabilidad y respeto hacia su persona.<br \/>\nAsimismo, agradeci\u00f3 la confianza a los padres de familia, as\u00ed como su colaboraci\u00f3n, ya que mediante la corresponsabilidad se fortalece la educaci\u00f3n en casa, y se forma mejor a los j\u00f3venes.<\/p>\n","protected":false},"author":2,"featured_media":42395,"comment_status":"open","ping_status":"open","sticky":false,"template":"","format":"standard","meta":{"footnotes":""},"categories":[4],"tags":[],"class_list":["post-42394","post","type-post","status-publish","format-standard","has-post-thumbnail","hentry","category-local"],"_links":{"self":[{"href":"https:\/\/www.contextosdigital.com\/index.php?rest_route=\/wp\/v2\/posts\/42394","targetHints":{"allow":["GET"]}}],"collection":[{"href":"https:\/\/www.contextosdigital.com\/index.php?rest_route=\/wp\/v2\/posts"}],"about":[{"href":"https:\/\/www.contextosdigital.com\/index.php?rest_route=\/wp\/v2\/types\/post"}],"author":[{"embeddable":true,"href":"https:\/\/www.contextosdigital.com\/index.php?rest_route=\/wp\/v2\/users\/2"}],"replies":[{"embeddable":true,"href":"https:\/\/www.contextosdigital.com\/index.php?rest_route=%2Fwp%2Fv2%2Fcomments&post=42394"}],"version-history":[{"count":1,"href":"https:\/\/www.contextosdigital.com\/index.php?rest_route=\/wp\/v2\/posts\/42394\/revisions"}],"predecessor-version":[{"id":42396,"href":"https:\/\/www.contextosdigital.com\/index.php?rest_route=\/wp\/v2\/posts\/42394\/revisions\/42396"}],"wp:featuredmedia":[{"embeddable":true,"href":"https:\/\/www.contextosdigital.com\/index.php?rest_route=\/wp\/v2\/media\/42395"}],"wp:attachment":[{"href":"https:\/\/www.contextosdigital.com\/index.php?rest_route=%2Fwp%2Fv2%2Fmedia&parent=42394"}],"wp:term":[{"taxonomy":"category","embeddable":true,"href":"https:\/\/www.contextosdigital.com\/index.php?rest_route=%2Fwp%2Fv2%2Fcategories&post=42394"},{"taxonomy":"post_tag","embeddable":true,"href":"https:\/\/www.contextosdigital.com\/index.php?rest_route=%2Fwp%2Fv2%2Ftags&post=42394"}],"curies":[{"name":"wp","href":"https:\/\/api.w.org\/{rel}","templated":true}]}}