{"id":42389,"date":"2016-02-24T07:51:31","date_gmt":"2016-02-24T12:51:31","guid":{"rendered":"http:\/\/www.contextosdigital.com\/?p=42389"},"modified":"2016-02-24T07:51:31","modified_gmt":"2016-02-24T12:51:31","slug":"espacio-politico-209","status":"publish","type":"post","link":"https:\/\/www.contextosdigital.com\/?p=42389","title":{"rendered":"Espacio Pol\u00edtico"},"content":{"rendered":"<p>Por Miguel \u00c1ngel Mel\u00e9ndez Nava<\/p>\n<p>&nbsp;<\/p>\n<p>A unas horas de que el Papa Francisco regresar\u00e1 al Vaticano, Luis Videgaray, Secretario de Hacienda, y el gordo Agust\u00edn Carnters, Gobernador de Banxico, despertaron a los mexicanos del idilio papal, al anunciar un recorte de 132.3 mil millones de pesos del gasto p\u00fablico, el incremento de las tasas de inter\u00e9s de 3.25 a 3.75, y la suspensi\u00f3n de la subasta de d\u00f3lares,\u00a0 esta decisi\u00f3n del gobierno mexicano, sin duda nos volvi\u00f3 a nuestra realidad, ya que las repercusiones ser\u00e1n a corto y mediano plazo, hay que reconocer que el anuncio tom\u00f3 descuidado a millones de mexicanos, que estaban atentos a las actividades y los discursos del sumo pont\u00edfice.<\/p>\n<p>Hoy a una semana del anuncio del recorte presupuestal, y en plena cruda papal, los mexicanos empezamos a entender en que consiste la medida financiera al presupuesto nacional, por lo pronto a PEMEX, ya le recortaron 100 mil millones de pesos, la SCT le recortaron 12 mil millones de pesos, a la SEP, la dejaron con las ganas de que la reforma educativa se cumpliera como la hab\u00eda pensado el Presidente Enrique Pe\u00f1a Nieto, y Aurelio Nu\u00f1o, el recorte a este importante sector dejar\u00e1 sin funcionar varios programas como: el de infraestructura y formaci\u00f3n docente.<\/p>\n<p>Por cierto, hasta el momento el anuncio del Secretario de Educaci\u00f3n de que los maestros comisionados en los sindicatos, les pagar\u00eda su sueldo el SNTE, se qued\u00f3 en el discurso, a nivel nacional son miles de millones de pesos los que paga la SEP, por este concepto, hay que esperar si con este recorte presupuestal, Nu\u00f1o Mayer cumple su discurso, o s\u00f3lo queda en protagonismo, seguramente el recorte ser\u00e1 extensivo \u00a0a todas las Secretarias de Estado, \u00a0donde \u00a0los presupuestos son en miles de millones de pesos y se ver\u00e1n afectados un sinn\u00famero de programas, lo curioso del caso, es que si bien, el gobierno mexicano trata de blindarse con los recortes, en los bolsillos de millones de compatriotas la situaci\u00f3n econ\u00f3mica es cada vez m\u00e1s desesperante, los sueldos cada d\u00eda se hacen m\u00e1s peque\u00f1os, el despido de personal de confianza va en aumento, el cierre de peque\u00f1os comercios va a aumentar, pero lo m\u00e1s grave es el incremento a la canasta b\u00e1sica, y a los productos de primera necesidad, el panorama para los mexicanos no es nada halagador, en este sentido los discursos de los pol\u00edticos deben ir en otra direcci\u00f3n, no puede ser posible que la Secretaria de Hacienda, el Banco de M\u00e9xico o la Presidencia de la Rep\u00fablica, sigan diciendo que con los recortes nuestro pa\u00eds no sufrir\u00e1 su econom\u00eda nacional.<\/p>\n<p>Es urgente que tanto la Presidencia de la Rep\u00fablica, como los Legisladores Federales, los Senadores y los Partidos Pol\u00edticos, dejen a un lado sus discursos facciosos, deben hablar con la realidad, el Gobierno Federal recortando partidas que s\u00f3lo benefician a unos cuantos, los Diputados Federales y los Senadores, recort\u00e1ndose sueldos y prerrogativas que anualmente son multimillonarias y a los partidos pol\u00edticos recort\u00e1ndoles los miles de millones de pesos que reciben de los impuestos del pueblo, por cierto, es urgente que los Legisladores Federales, lleven a cabo una consulta popular, para que en M\u00e9xico, s\u00f3lo existan dos o tres partidos pol\u00edticos que se disputen el poder, no puede ser posible que cada contienda electoral federal o estatal, surjan partidos como\u00a0 hongos en tiempo de lluvias, para los millones de mexicanos que somos, no es desconocido que la partidocracia, se ha transformado en un verdadero negocio, y ah\u00ed est\u00e1n a nivel nacional partidos como: el Verde, el Panal, el PT, Morena y muchos partidos llamados de la chiquillada, que s\u00f3lo siguen vigentes por las coaliciones, ya que solos no representan nada, \u00a0pero eso s\u00ed, anualmente reciben millones de pesos de prerrogativas, con ese dinero millones de mexicanos en pobreza extrema podr\u00edan tener por lo menos para comer o vestir, pero para nuestro sistema pol\u00edtico es m\u00e1s importante dar dinero que permita\u00a0 conservar el poder, que buscar leyes que impidan la creaci\u00f3n de partidos patito.<\/p>\n<p>Pasando a otro tema, en nuestro estado ya est\u00e1 definido quienes ser\u00e1n los candidatos y candidatas al gobierno del estado, por el PRI; Marco Antonio Mena, PRD; Lorena Cuellar, PAN; Adriana D\u00e1vila, MORENA; Martha Palafox, PAC; Seraf\u00edn Ortiz, y por Movimiento Ciudadano; Edilberto Algredo Jaramillo, cuatro con muy pocas posibilidades, aunque \u00a0podr\u00eda haber alguna sorpresa, pero se ve muy dif\u00edcil, en el an\u00e1lisis pol\u00edtico tanto nacional como estatal, las preferencias apuntan al PRI, PRD Y PAN, en ese orden, aunque la verdadera guerra de posicionamiento se dar\u00e1 en la primera quincena de mayo, cuando las campa\u00f1as pol\u00edticas entren en su etapa final, por lo pronto quienes ya iniciaron sus pre campa\u00f1as desde hace a\u00f1os o meses atr\u00e1s, como: el PRD, PAN, PAC y\u00a0 MORENA su capital pol\u00edtico ya casi lo tiene definido, y ser\u00e1 dif\u00edcil que lo incrementen contrario al PRI, que si bien, ya tiene un abanderado no ha realizado una precampa\u00f1a abierta, lo que le permitir\u00e1 en abril, iniciar con un voto duro y con una convocatoria fortalecida por el poder que le da ser gobernado, por un Gobernador y un Presidente de la Rep\u00fablica que son del mismo partido.<\/p>\n<p>Por \u00faltimo, desde este espacio period\u00edstico, mi m\u00e1s sentido p\u00e9same a la familia del amigo de muchos tlaxcaltecas que tuvimos la oportunidad de conocer y tener la amistad de un gran hombre como lo fue Arturo Pedraza, \u201cEl Tur\u00edn\u201d, quien ya se nos adelant\u00f3 en el viaje sin retorno, que en paz descanse, el ex presidente de Tlaxcala y fiel seguidor del equipo de futbol \u201cLa Prepa\u201d.<\/p>\n","protected":false},"excerpt":{"rendered":"<p>Por Miguel \u00c1ngel Mel\u00e9ndez Nava<\/p>\n<p>A unas horas de que el Papa Francisco regresar\u00e1 al Vaticano, Luis Videgaray, Secretario de Hacienda, y el gordo Agust\u00edn Carnters, Gobernador de Banxico, despertaron a los mexicanos del idilio papal, al anunciar un recorte de 132.3 mil millones de pesos del gasto p\u00fablico, el incremento de las tasas de inter\u00e9s de 3.25 a 3.75, y la suspensi\u00f3n de la subasta de d\u00f3lares,  esta decisi\u00f3n del gobierno mexicano, sin duda nos volvi\u00f3 a nuestra realidad, ya que las repercusiones ser\u00e1n a corto y mediano plazo, hay que reconocer que el anuncio tom\u00f3 descuidado a millones de mexicanos, que estaban atentos a las actividades y los discursos del sumo pont\u00edfice.<br \/>\nHoy a una semana del anuncio del recorte presupuestal, y en plena cruda papal, los mexicanos empezamos a entender en que consiste la medida financiera al presupuesto nacional, por lo pronto a PEMEX, ya le recortaron 100 mil millones de pesos, la SCT le recortaron 12 mil millones de pesos, a la SEP, la dejaron con las ganas de que la reforma educativa se cumpliera como la hab\u00eda pensado el Presidente Enrique Pe\u00f1a Nieto, y Aurelio Nu\u00f1o<\/p>\n","protected":false},"author":2,"featured_media":0,"comment_status":"open","ping_status":"open","sticky":false,"template":"","format":"standard","meta":{"footnotes":""},"categories":[4],"tags":[],"class_list":["post-42389","post","type-post","status-publish","format-standard","hentry","category-local"],"_links":{"self":[{"href":"https:\/\/www.contextosdigital.com\/index.php?rest_route=\/wp\/v2\/posts\/42389","targetHints":{"allow":["GET"]}}],"collection":[{"href":"https:\/\/www.contextosdigital.com\/index.php?rest_route=\/wp\/v2\/posts"}],"about":[{"href":"https:\/\/www.contextosdigital.com\/index.php?rest_route=\/wp\/v2\/types\/post"}],"author":[{"embeddable":true,"href":"https:\/\/www.contextosdigital.com\/index.php?rest_route=\/wp\/v2\/users\/2"}],"replies":[{"embeddable":true,"href":"https:\/\/www.contextosdigital.com\/index.php?rest_route=%2Fwp%2Fv2%2Fcomments&post=42389"}],"version-history":[{"count":1,"href":"https:\/\/www.contextosdigital.com\/index.php?rest_route=\/wp\/v2\/posts\/42389\/revisions"}],"predecessor-version":[{"id":42390,"href":"https:\/\/www.contextosdigital.com\/index.php?rest_route=\/wp\/v2\/posts\/42389\/revisions\/42390"}],"wp:attachment":[{"href":"https:\/\/www.contextosdigital.com\/index.php?rest_route=%2Fwp%2Fv2%2Fmedia&parent=42389"}],"wp:term":[{"taxonomy":"category","embeddable":true,"href":"https:\/\/www.contextosdigital.com\/index.php?rest_route=%2Fwp%2Fv2%2Fcategories&post=42389"},{"taxonomy":"post_tag","embeddable":true,"href":"https:\/\/www.contextosdigital.com\/index.php?rest_route=%2Fwp%2Fv2%2Ftags&post=42389"}],"curies":[{"name":"wp","href":"https:\/\/api.w.org\/{rel}","templated":true}]}}