{"id":42386,"date":"2016-02-24T07:50:18","date_gmt":"2016-02-24T12:50:18","guid":{"rendered":"http:\/\/www.contextosdigital.com\/?p=42386"},"modified":"2016-02-24T07:50:18","modified_gmt":"2016-02-24T12:50:18","slug":"conmemora-sepuede-dia-internacional-de-la-lengua-materna-en-contla","status":"publish","type":"post","link":"https:\/\/www.contextosdigital.com\/?p=42386","title":{"rendered":"Conmemora SEPUEDE \u201cD\u00eda Internacional de la Lengua Materna\u201d en Contla"},"content":{"rendered":"<p>Con el objetivo de promover las ra\u00edces ind\u00edgenas en Tlaxcala, el Sistema Estatal de Promoci\u00f3n del Empleo y Desarrollo Comunitario (Sepuede) conmemor\u00f3 el \u201cD\u00eda Internacional de la Lengua Materna\u201d en el municipio de\u00a0 Contla de Juan Cuamatzi.<\/p>\n<p>La directora de Desarrollo Comunitario y Pueblos Ind\u00edgenas del Sepuede, Luc\u00eda Carrasco Xochipa, enfatiz\u00f3 que el Gobierno del Estado, que encabeza Mariano Gonz\u00e1lez Zarur, impulsa el desarrollo de estos pueblos, as\u00ed como su lengua.<\/p>\n<p>\u201cLa principal labor es mantener y defender la cultura, as\u00ed como combatir la discriminaci\u00f3n de los pueblos, adem\u00e1s de difundir y promulgar su lengua materna,\u201d afirm\u00f3.<\/p>\n<p>Este evento tuvo lugar en el teatro de la comuna, donde se destacaron los derechos fundamentales de los pueblos y comunidades, con base en lo que establece la Ley de Protecci\u00f3n, Fomento y Desarrollo a la Cultura Ind\u00edgena para el Estado de Tlaxcala.<\/p>\n<p>Para esta ocasi\u00f3n particip\u00f3 la escuela primaria Biling\u00fce \u201cBimi Manandi Yu\u00b4 Mu\u201d, de Ixtenco, con el Himno Nacional en Otom\u00ed; adem\u00e1s la primaria Biling\u00fce \u201cMaxixcatzin, del Barrio de la Luz, municipio de Contla, que se encarg\u00f3 del himno de Tlaxcala en N\u00e1huatl.<\/p>\n<p>Tambi\u00e9n se present\u00f3 el grupo musical \u201cCanto en Otom\u00ed y Teclado\u201d, de Ixtenco, as\u00ed como la ganadora del \u201cConcurso Nacional de Narraciones de Ni\u00f1os y Ni\u00f1as Ind\u00edgenas y Migrantes 2015\u201d, Sonia Conde Bautista, quien cont\u00f3 una leyenda en N\u00e1huatl, traducida por la maestra Leonor Nava Bautista.<\/p>\n<p>En la entidad existen cerca de 30 mil parlantes, entre Otom\u00ed y N\u00e1huatl, quienes habitan en los municipios en las faldas de la Malintzi.<\/p>\n<p>En esta regi\u00f3n operan 56 escuelas biling\u00fces en la entidad, ubicadas en: Tlaltelulco, Teolocholco, Contla, Santa Cruz Tlaxcala, Xaltocan, Tetlanohcan, Ixtenco y Zitlaltepec, donde estudian ni\u00f1os de dos a 12 a\u00f1os de edad.<\/p>\n<p>El 21 de febrero de cada a\u00f1o fue proclamado por La Organizaci\u00f3n de las Naciones Unidas para la Educaci\u00f3n, la Ciencia y la Cultura como \u201cD\u00eda Internacional de la Lengua Materna\u201d.<\/p>\n","protected":false},"excerpt":{"rendered":"<p>Con el objetivo de promover las ra\u00edces ind\u00edgenas en Tlaxcala, el Sistema Estatal de Promoci\u00f3n del Empleo y Desarrollo Comunitario (Sepuede) conmemor\u00f3 el \u201cD\u00eda Internacional de la Lengua Materna\u201d en el municipio de  Contla de Juan Cuamatzi.<br \/>\n La directora de Desarrollo Comunitario y Pueblos Ind\u00edgenas del Sepuede, Luc\u00eda Carrasco Xochipa, enfatiz\u00f3 que el Gobierno del Estado, que encabeza Mariano Gonz\u00e1lez Zarur, impulsa el desarrollo de estos pueblos, as\u00ed como su lengua.<br \/>\n \u201cLa principal labor es mantener y defender la cultura, as\u00ed como combatir la discriminaci\u00f3n de los pueblos, adem\u00e1s de difundir y promulgar su lengua materna,\u201d afirm\u00f3.<br \/>\n Este evento tuvo lugar en el teatro de la comuna, donde se destacaron los derechos fundamentales de los pueblos y comunidades, con base en lo que establece la Ley de Protecci\u00f3n, Fomento y Desarrollo a la Cultura Ind\u00edgena para el Estado de Tlaxcala.<\/p>\n","protected":false},"author":2,"featured_media":42387,"comment_status":"open","ping_status":"open","sticky":false,"template":"","format":"standard","meta":{"footnotes":""},"categories":[4],"tags":[],"class_list":["post-42386","post","type-post","status-publish","format-standard","has-post-thumbnail","hentry","category-local"],"_links":{"self":[{"href":"https:\/\/www.contextosdigital.com\/index.php?rest_route=\/wp\/v2\/posts\/42386","targetHints":{"allow":["GET"]}}],"collection":[{"href":"https:\/\/www.contextosdigital.com\/index.php?rest_route=\/wp\/v2\/posts"}],"about":[{"href":"https:\/\/www.contextosdigital.com\/index.php?rest_route=\/wp\/v2\/types\/post"}],"author":[{"embeddable":true,"href":"https:\/\/www.contextosdigital.com\/index.php?rest_route=\/wp\/v2\/users\/2"}],"replies":[{"embeddable":true,"href":"https:\/\/www.contextosdigital.com\/index.php?rest_route=%2Fwp%2Fv2%2Fcomments&post=42386"}],"version-history":[{"count":1,"href":"https:\/\/www.contextosdigital.com\/index.php?rest_route=\/wp\/v2\/posts\/42386\/revisions"}],"predecessor-version":[{"id":42388,"href":"https:\/\/www.contextosdigital.com\/index.php?rest_route=\/wp\/v2\/posts\/42386\/revisions\/42388"}],"wp:featuredmedia":[{"embeddable":true,"href":"https:\/\/www.contextosdigital.com\/index.php?rest_route=\/wp\/v2\/media\/42387"}],"wp:attachment":[{"href":"https:\/\/www.contextosdigital.com\/index.php?rest_route=%2Fwp%2Fv2%2Fmedia&parent=42386"}],"wp:term":[{"taxonomy":"category","embeddable":true,"href":"https:\/\/www.contextosdigital.com\/index.php?rest_route=%2Fwp%2Fv2%2Fcategories&post=42386"},{"taxonomy":"post_tag","embeddable":true,"href":"https:\/\/www.contextosdigital.com\/index.php?rest_route=%2Fwp%2Fv2%2Ftags&post=42386"}],"curies":[{"name":"wp","href":"https:\/\/api.w.org\/{rel}","templated":true}]}}