{"id":42383,"date":"2016-02-24T07:48:57","date_gmt":"2016-02-24T12:48:57","guid":{"rendered":"http:\/\/www.contextosdigital.com\/?p=42383"},"modified":"2016-02-24T07:48:57","modified_gmt":"2016-02-24T12:48:57","slug":"reconoce-gobierno-estatal-a-odontologos-por-su-aportacion-a-la-salud-de-los-tlaxcaltecas","status":"publish","type":"post","link":"https:\/\/www.contextosdigital.com\/?p=42383","title":{"rendered":"Reconoce Gobierno Estatal a odont\u00f3logos por su aportaci\u00f3n a la salud de los tlaxcaltecas"},"content":{"rendered":"<p>El Gobierno del Estado reconoce el trabajo y compromiso de los odont\u00f3logos de la entidad en el marco de la celebraci\u00f3n de estos profesionales de la salud, de tal forma que la Secretar\u00eda de Salud (Sesa) recientemente organiz\u00f3 un festejo al que se dieron cita dentistas de las tres jurisdicciones sanitarias que conforman a este organismo p\u00fablico.<\/p>\n<p>Durante el evento, que tuvo lugar en el Centro Vacacional La Trinidad, el secretario del ramo, Alejandro Guarneros Chumacero, enfatiz\u00f3 el importante trabajo que desempe\u00f1an los estomat\u00f3logos, quienes contribuyen a la salud integral de la poblaci\u00f3n.<\/p>\n<p>Asimismo, destac\u00f3 el inter\u00e9s del Gobernador del Estado, Mariano Gonz\u00e1lez Zarur, por mejorar y modernizar la infraestructura y equipamiento odontol\u00f3gico, a fin de que los tlaxcaltecas gocen de servicios de la m\u00e1s alta calidad.<\/p>\n<p>Como ejemplo de este trabajo, Guarneros Chumacero cit\u00f3 la construcci\u00f3n de la Cl\u00ednica de Especialidades Dentales ubicada en la comunidad de Santa Anita Huiloac, en Apizaco, que cuenta con equipo de la m\u00e1s alta tecnolog\u00eda para atender con precisi\u00f3n los pacientes que as\u00ed lo requieran.<\/p>\n<p>Trabajo al que se suma el permanente mantenimiento y rehabilitaci\u00f3n de las 71 unidades m\u00e9dicas alrededor de la geograf\u00eda de la entidad que cuentan con esta especialidad, as\u00ed como el M\u00f3dulo Dental en la ciudad de Tlaxcala.<\/p>\n<p>\u201cEstos espacios han mejorado gradualmente su equipo e instrumental para dar respuesta positiva a sus necesidades y, en consecuencia, brindar atenci\u00f3n de calidad a los tlaxcaltecas\u201d, expres\u00f3 el secretario.<\/p>\n<p>En este sentido, Guarneros Chumacero hizo hincapi\u00e9 en el inter\u00e9s del Mandatario tlaxcalteca por capacitar al personal m\u00e9dico, con la finalidad de hacer m\u00e1s eficiente la atenci\u00f3n a los pacientes, lo cual permiti\u00f3 a Tlaxcala alcanzar el tercer lugar, a nivel nacional, en la estrategia de evaluaci\u00f3n \u201cCaminando a la Excelencia\u201d, que realiza el Gobierno federal, en el rubro de salud bucal.<\/p>\n<p>\u201cTal estrategia permiti\u00f3 la disminuci\u00f3n del \u00edndice de caries en alumnos de educaci\u00f3n b\u00e1sica, gracias a las acciones de\u00a0 promoci\u00f3n, prevenci\u00f3n y atenci\u00f3n curativa mediante la instalaci\u00f3n de sillones dentales port\u00e1tiles en las escuelas, resultando de gran beneficio para la econom\u00eda familiar, ya que la atenci\u00f3n es gratuita\u201d, abund\u00f3 el titular de la Sesa.<\/p>\n<p>El secretario inform\u00f3 que actualmente 54 escuelas participan en el programa de Salud Bucal, de las cuales 10 se han certificado como libres de caries y cuatro de ellas recibieron su recertificaci\u00f3n, lo que significa un beneficio para dos mil 346 alumnos. Tambi\u00e9n, detall\u00f3 que tal esquema atiende a un total de 379\u00a0 planteles de preescolar, primaria, secundaria y bachillerato, con lo que se atiende a 100 mil 145 estudiantes.<\/p>\n<p>Finalmente, el titular del \u00e1rea resalt\u00f3 que para el actual Gobierno estatal la medicina preventiva es una prioridad, pues de esta forma se coadyuva a que los tlaxcaltecas tengan una mejor calidad de vida.<\/p>\n<p>\u201cEl Jefe del Ejecutivo Estatal, Mariano Gonz\u00e1lez Zarur ha sido muy claro desde el inicio de su administraci\u00f3n, que la cultura de la prevenci\u00f3n es fundamental para evitar la presencia de m\u00faltiples enfermedades y los resultados alcanzados con esta acci\u00f3n ha permitido cumplir importantes objetivos en favor del bienestar de la sociedad tlaxcalteca que vive una nueva realidad en materia de salud\u201d, puntualiz\u00f3.<\/p>\n","protected":false},"excerpt":{"rendered":"<p>El Gobierno del Estado reconoce el trabajo y compromiso de los odont\u00f3logos de la entidad en el marco de la celebraci\u00f3n de estos profesionales de la salud, de tal forma que la Secretar\u00eda de Salud (Sesa) recientemente organiz\u00f3 un festejo al que se dieron cita dentistas de las tres jurisdicciones sanitarias que conforman a este organismo p\u00fablico.<br \/>\n Durante el evento, que tuvo lugar en el Centro Vacacional La Trinidad, el secretario del ramo, Alejandro Guarneros Chumacero, enfatiz\u00f3 el importante trabajo que desempe\u00f1an los estomat\u00f3logos, quienes contribuyen a la salud integral de la poblaci\u00f3n.<\/p>\n","protected":false},"author":2,"featured_media":42384,"comment_status":"open","ping_status":"open","sticky":false,"template":"","format":"standard","meta":{"footnotes":""},"categories":[4],"tags":[],"class_list":["post-42383","post","type-post","status-publish","format-standard","has-post-thumbnail","hentry","category-local"],"_links":{"self":[{"href":"https:\/\/www.contextosdigital.com\/index.php?rest_route=\/wp\/v2\/posts\/42383","targetHints":{"allow":["GET"]}}],"collection":[{"href":"https:\/\/www.contextosdigital.com\/index.php?rest_route=\/wp\/v2\/posts"}],"about":[{"href":"https:\/\/www.contextosdigital.com\/index.php?rest_route=\/wp\/v2\/types\/post"}],"author":[{"embeddable":true,"href":"https:\/\/www.contextosdigital.com\/index.php?rest_route=\/wp\/v2\/users\/2"}],"replies":[{"embeddable":true,"href":"https:\/\/www.contextosdigital.com\/index.php?rest_route=%2Fwp%2Fv2%2Fcomments&post=42383"}],"version-history":[{"count":1,"href":"https:\/\/www.contextosdigital.com\/index.php?rest_route=\/wp\/v2\/posts\/42383\/revisions"}],"predecessor-version":[{"id":42385,"href":"https:\/\/www.contextosdigital.com\/index.php?rest_route=\/wp\/v2\/posts\/42383\/revisions\/42385"}],"wp:featuredmedia":[{"embeddable":true,"href":"https:\/\/www.contextosdigital.com\/index.php?rest_route=\/wp\/v2\/media\/42384"}],"wp:attachment":[{"href":"https:\/\/www.contextosdigital.com\/index.php?rest_route=%2Fwp%2Fv2%2Fmedia&parent=42383"}],"wp:term":[{"taxonomy":"category","embeddable":true,"href":"https:\/\/www.contextosdigital.com\/index.php?rest_route=%2Fwp%2Fv2%2Fcategories&post=42383"},{"taxonomy":"post_tag","embeddable":true,"href":"https:\/\/www.contextosdigital.com\/index.php?rest_route=%2Fwp%2Fv2%2Ftags&post=42383"}],"curies":[{"name":"wp","href":"https:\/\/api.w.org\/{rel}","templated":true}]}}