{"id":42374,"date":"2016-02-24T07:41:45","date_gmt":"2016-02-24T12:41:45","guid":{"rendered":"http:\/\/www.contextosdigital.com\/?p=42374"},"modified":"2016-02-24T07:41:45","modified_gmt":"2016-02-24T12:41:45","slug":"refuerzan-policia-capitalina-y-maxigas-medidas-de-seguridad-con-constructoras-del-colector-pluvial","status":"publish","type":"post","link":"https:\/\/www.contextosdigital.com\/?p=42374","title":{"rendered":"Refuerzan polic\u00eda capitalina y MaxiGas medidas de seguridad con constructoras del colector pluvial"},"content":{"rendered":"<p>Con la presencia de Raymundo Fragoso Mu\u00f1oz, director de la Polic\u00eda capitalina, autoridades de la empresa MaxiGas dieron capacitaci\u00f3n a personal de las empresas que ejecutan las obras del colector pluvial en la Avenida Ju\u00e1rez, con el fin de activar el Plan de Prevenci\u00f3n de Da\u00f1os por la afectaci\u00f3n del sistema de distribuci\u00f3n del combustible.<\/p>\n<p>En el acto, efectuado este martes 23 de febrero en las instalaciones de la Direcci\u00f3n de Seguridad P\u00fablica de Tlaxcala, Raymundo Fragoso resalt\u00f3 la importancia de evitar fugas del gas natural en la obra a cargo del gobierno estatal.<\/p>\n<p>Acompa\u00f1ado de Edgar Llerena Arroyo, responsable municipal del \u00e1rea de Protecci\u00f3n Civil, se enfatiz\u00f3 que el pasado viernes, los protocolos de seguridad y salvaguardia a la poblaci\u00f3n, se activaron con oportunidad, \u201ccomo resultado de la coordinaci\u00f3n entre MaxiGas y las autoridades municipales\u201d.<\/p>\n<p>En la capacitaci\u00f3n, se hizo especial \u00e9nfasis en las acciones preventivas al efectuar perforaciones en la v\u00eda p\u00fablica donde hay redes de distribuci\u00f3n\u00a0 del combustible, y las acciones inmediatas a ejecutar en caso de presentarse una contingencia.<\/p>\n","protected":false},"excerpt":{"rendered":"<p>Con la presencia de Raymundo Fragoso Mu\u00f1oz, director de la Polic\u00eda capitalina, autoridades de la empresa MaxiGas dieron capacitaci\u00f3n a personal de las empresas que ejecutan las obras del colector pluvial en la Avenida Ju\u00e1rez, con el fin de activar el Plan de Prevenci\u00f3n de Da\u00f1os por la afectaci\u00f3n del sistema de distribuci\u00f3n del combustible.<br \/>\nEn el acto, efectuado este martes 23 de febrero en las instalaciones de la Direcci\u00f3n de Seguridad P\u00fablica de Tlaxcala, Raymundo Fragoso resalt\u00f3 la importancia de evitar fugas del gas natural en la obra a cargo del gobierno estatal.<\/p>\n","protected":false},"author":2,"featured_media":42375,"comment_status":"open","ping_status":"open","sticky":false,"template":"","format":"standard","meta":{"footnotes":""},"categories":[4],"tags":[],"class_list":["post-42374","post","type-post","status-publish","format-standard","has-post-thumbnail","hentry","category-local"],"_links":{"self":[{"href":"https:\/\/www.contextosdigital.com\/index.php?rest_route=\/wp\/v2\/posts\/42374","targetHints":{"allow":["GET"]}}],"collection":[{"href":"https:\/\/www.contextosdigital.com\/index.php?rest_route=\/wp\/v2\/posts"}],"about":[{"href":"https:\/\/www.contextosdigital.com\/index.php?rest_route=\/wp\/v2\/types\/post"}],"author":[{"embeddable":true,"href":"https:\/\/www.contextosdigital.com\/index.php?rest_route=\/wp\/v2\/users\/2"}],"replies":[{"embeddable":true,"href":"https:\/\/www.contextosdigital.com\/index.php?rest_route=%2Fwp%2Fv2%2Fcomments&post=42374"}],"version-history":[{"count":1,"href":"https:\/\/www.contextosdigital.com\/index.php?rest_route=\/wp\/v2\/posts\/42374\/revisions"}],"predecessor-version":[{"id":42376,"href":"https:\/\/www.contextosdigital.com\/index.php?rest_route=\/wp\/v2\/posts\/42374\/revisions\/42376"}],"wp:featuredmedia":[{"embeddable":true,"href":"https:\/\/www.contextosdigital.com\/index.php?rest_route=\/wp\/v2\/media\/42375"}],"wp:attachment":[{"href":"https:\/\/www.contextosdigital.com\/index.php?rest_route=%2Fwp%2Fv2%2Fmedia&parent=42374"}],"wp:term":[{"taxonomy":"category","embeddable":true,"href":"https:\/\/www.contextosdigital.com\/index.php?rest_route=%2Fwp%2Fv2%2Fcategories&post=42374"},{"taxonomy":"post_tag","embeddable":true,"href":"https:\/\/www.contextosdigital.com\/index.php?rest_route=%2Fwp%2Fv2%2Ftags&post=42374"}],"curies":[{"name":"wp","href":"https:\/\/api.w.org\/{rel}","templated":true}]}}