{"id":42371,"date":"2016-02-24T07:40:00","date_gmt":"2016-02-24T12:40:00","guid":{"rendered":"http:\/\/www.contextosdigital.com\/?p=42371"},"modified":"2016-02-24T07:40:00","modified_gmt":"2016-02-24T12:40:00","slug":"en-chiautempan-aseguran-a-una-persona-por-delito-de-robo","status":"publish","type":"post","link":"https:\/\/www.contextosdigital.com\/?p=42371","title":{"rendered":"En Chiautempan, aseguran a una persona por delito de robo."},"content":{"rendered":"<p>Ante un reporte de emergencia del servicio 066, el pasado domingo 21 de febrero, elementos de seguridad p\u00fablica y vialidad municipal, se trasladaron a la calle privada del censo, de la comunidad de Guadalupe Ixcotla, ya que vecinos de dicho lugar solicitaron el apoyo de seguridad al detectar un robo en casa habitaci\u00f3n.<\/p>\n<p>As\u00ed lo coment\u00f3 el comandante Gonzalo Mart\u00ednez Caricio, director de seguridad p\u00fablica de Chiautempan, quien mencion\u00f3 que elementos policiacos adscritos a su \u00e1rea, al llegar al lugar de los hechos, encontraron a un grupo de personas de ambos sexos rodeando a una persona m\u00e1s de sexo masculino, por lo que al entrevistarlos informan que el presunto asaltante, minutos antes, se hab\u00eda introducido al domicilio para sustraer algunos objetos electr\u00f3nicos que se encontraban a un lado del mismo.<\/p>\n<p>Ante dicha situaci\u00f3n la polic\u00eda municipal procedi\u00f3 al aseguramiento del sujeto en cuesti\u00f3n, ley\u00e9ndole sus derechos y respetando sus garant\u00edas en todo momento, por lo que fue puesto a disposici\u00f3n del ministerio p\u00fablico por hechos probablemente constitutivos de delito cometido.<\/p>\n","protected":false},"excerpt":{"rendered":"<p>Ante un reporte de emergencia del servicio 066, el pasado domingo 21 de febrero, elementos de seguridad p\u00fablica y vialidad municipal, se trasladaron a la calle privada del censo, de la comunidad de Guadalupe Ixcotla, ya que vecinos de dicho lugar solicitaron el apoyo de seguridad al detectar un robo en casa habitaci\u00f3n.<br \/>\nAs\u00ed lo coment\u00f3 el comandante Gonzalo Mart\u00ednez Caricio, director de seguridad p\u00fablica de Chiautempan, quien mencion\u00f3 que elementos policiacos adscritos a su \u00e1rea, al llegar al lugar de los hechos, encontraron a un grupo de personas de ambos sexos rodeando a una persona m\u00e1s de sexo masculino, por lo que al entrevistarlos informan que el presunto asaltante, minutos antes, se hab\u00eda introducido al domicilio para sustraer algunos objetos electr\u00f3nicos <\/p>\n","protected":false},"author":2,"featured_media":42372,"comment_status":"open","ping_status":"open","sticky":false,"template":"","format":"standard","meta":{"footnotes":""},"categories":[4],"tags":[],"class_list":["post-42371","post","type-post","status-publish","format-standard","has-post-thumbnail","hentry","category-local"],"_links":{"self":[{"href":"https:\/\/www.contextosdigital.com\/index.php?rest_route=\/wp\/v2\/posts\/42371","targetHints":{"allow":["GET"]}}],"collection":[{"href":"https:\/\/www.contextosdigital.com\/index.php?rest_route=\/wp\/v2\/posts"}],"about":[{"href":"https:\/\/www.contextosdigital.com\/index.php?rest_route=\/wp\/v2\/types\/post"}],"author":[{"embeddable":true,"href":"https:\/\/www.contextosdigital.com\/index.php?rest_route=\/wp\/v2\/users\/2"}],"replies":[{"embeddable":true,"href":"https:\/\/www.contextosdigital.com\/index.php?rest_route=%2Fwp%2Fv2%2Fcomments&post=42371"}],"version-history":[{"count":1,"href":"https:\/\/www.contextosdigital.com\/index.php?rest_route=\/wp\/v2\/posts\/42371\/revisions"}],"predecessor-version":[{"id":42373,"href":"https:\/\/www.contextosdigital.com\/index.php?rest_route=\/wp\/v2\/posts\/42371\/revisions\/42373"}],"wp:featuredmedia":[{"embeddable":true,"href":"https:\/\/www.contextosdigital.com\/index.php?rest_route=\/wp\/v2\/media\/42372"}],"wp:attachment":[{"href":"https:\/\/www.contextosdigital.com\/index.php?rest_route=%2Fwp%2Fv2%2Fmedia&parent=42371"}],"wp:term":[{"taxonomy":"category","embeddable":true,"href":"https:\/\/www.contextosdigital.com\/index.php?rest_route=%2Fwp%2Fv2%2Fcategories&post=42371"},{"taxonomy":"post_tag","embeddable":true,"href":"https:\/\/www.contextosdigital.com\/index.php?rest_route=%2Fwp%2Fv2%2Ftags&post=42371"}],"curies":[{"name":"wp","href":"https:\/\/api.w.org\/{rel}","templated":true}]}}