{"id":42365,"date":"2016-02-23T09:29:20","date_gmt":"2016-02-23T14:29:20","guid":{"rendered":"http:\/\/www.contextosdigital.com\/?p=42365"},"modified":"2016-02-23T09:29:20","modified_gmt":"2016-02-23T14:29:20","slug":"aplica-mgf-primera-dosis-de-vacunacion-en-el-inicio-de-la-semana-nacional-de-salud","status":"publish","type":"post","link":"https:\/\/www.contextosdigital.com\/?p=42365","title":{"rendered":"Aplica MGF primera dosis de vacunaci\u00f3n en el inicio de la Semana Nacional de Salud"},"content":{"rendered":"<p>Al inaugurar la Primera Semana Nacional de Salud 2016 y colocar la primera dosis de vacunaci\u00f3n contra la poliomielitis, la Presidente Honor\u00edfica del Sistema Estatal para el Desarrollo Integral Familia (DIF), Mariana Gonz\u00e1lez Foullon, asever\u00f3 que para la presente administraci\u00f3n estatal lo m\u00e1s importante es cuidar la salud de la ciudadan\u00eda, sobre todo de la ni\u00f1ez, por ello emprende acciones permanentes de prevenci\u00f3n.<\/p>\n<p>Ante menores de la escuela \u201cLeonarda G\u00f3mez Blanco\u201d, del municipio de Xicohtzinco, Gonz\u00e1lez Foullon remarc\u00f3 que mediante diversas estrategias emprendidas por el Gobierno que encabeza el Mandatario, Mariano Gonz\u00e1lez Zarur, se busca que la gente se enferme menos, de ah\u00ed que realiza esfuerzos coordinados ante diferentes instancias de salud.<\/p>\n<p>\u201cLo principal que tenemos en la vida es la salud, entonces esta semana les tienen que decir a sus pap\u00e1s que los lleven a vacunar con su cartilla, as\u00ed como a sus hermanos menores\u201d, destac\u00f3.<\/p>\n<p>En su intervenci\u00f3n, Alejandro Guarneros Chumacero, Secretario de Salud (Sesa), resalt\u00f3 que uno de los lineamientos del Plan Estatal de Desarrollo (PED) es la prevenci\u00f3n, cuyo objetivo es tener una poblaci\u00f3n m\u00e1s sana.<\/p>\n<p>\u201cLas acciones de vacunaci\u00f3n son sin\u00f3nimos de prevenci\u00f3n y el pueblo tlaxcalteca as\u00ed lo ha entendido y gracias a ello el Sistema Estatal de Salud logr\u00f3 situar a la entidad en los primeros lugares en protecci\u00f3n\u201d, indic\u00f3.<\/p>\n<p>Esta es la primera semana nacional de salud, de tres que se desarrollar\u00e1n en este a\u00f1o, en los meses de febrero, mayo y octubre, y en esta primera se aplicar\u00e1n 125 mil 548 dosis de poliomielitis a menores de cinco a\u00f1os de edad.<\/p>\n<p>Durante este tiempo se efectuar\u00e1n acciones b\u00e1sicas como: reforzar la vacunaci\u00f3n permanente, completar esquemas b\u00e1sicos y brindar orientaci\u00f3n a las madres o responsables de los menores de cinco a\u00f1os sobre la prevenci\u00f3n de enfermedades diarreicas agudas e infecciones respiratorias agudas (manejo en el hogar e identificaci\u00f3n de signos de alarma).<\/p>\n<p>Conjuntamente, se distribuir\u00e1n sobres de Vida Suero Oral a cada una de las madres o responsables de menores de cinco a\u00f1os, y se reforzar\u00e1 la ministraci\u00f3n de suplementos de vitaminas, minerales y \u00e1cido f\u00f3lico, que en suma son 333 mil 552 acciones.<\/p>\n<p>En esta ocasi\u00f3n participar\u00e1n 867 personas, entre m\u00e9dicos, enfermeras y voluntarios.<\/p>\n<p>A su vez, el presidente de Xicohtzinco, Juan Carlos Rojas Meza, reconoci\u00f3 el trabajo del Gobierno a favor de la salud de los infantes del municipio, mediante la coordinaci\u00f3n entre los diferentes niveles de gobierno.<\/p>\n<p>En el evento estuvieron presentes: Ariel Leyva Almeida, delegado del Instituto Mexicanos del Seguro Social (Imss); Tom\u00e1s Munive Osorno, Secretario de Educaci\u00f3n en el Estado (Sepe); Ren\u00e9 Flores Reyes, director de la primaria \u201cLeonarda G\u00f3mez Blanco\u201d, representantes del Issste, de la 23 zona militar, alumnos, personal docente y padres de familia.<\/p>\n","protected":false},"excerpt":{"rendered":"<p>Al inaugurar la Primera Semana Nacional de Salud 2016 y colocar la primera dosis de vacunaci\u00f3n contra la poliomielitis, la Presidente Honor\u00edfica del Sistema Estatal para el Desarrollo Integral Familia (DIF), Mariana Gonz\u00e1lez Foullon, asever\u00f3 que para la presente administraci\u00f3n estatal lo m\u00e1s importante es cuidar la salud de la ciudadan\u00eda, sobre todo de la ni\u00f1ez, por ello emprende acciones permanentes de prevenci\u00f3n.<br \/>\nAnte menores de la escuela \u201cLeonarda G\u00f3mez Blanco\u201d, del municipio de Xicohtzinco, Gonz\u00e1lez Foullon remarc\u00f3 que mediante diversas estrategias emprendidas por el Gobierno que encabeza el Mandatario, Mariano Gonz\u00e1lez Zarur, se busca que la gente se enferme menos, de ah\u00ed que realiza esfuerzos coordinados ante diferentes instancias de salud.<br \/>\n\u201cLo principal que tenemos en la vida es la salud, entonces esta semana les tienen que decir a sus pap\u00e1s que los lleven a vacunar con su cartilla, as\u00ed como a sus hermanos menores\u201d, destac\u00f3.<\/p>\n","protected":false},"author":2,"featured_media":42366,"comment_status":"open","ping_status":"open","sticky":false,"template":"","format":"standard","meta":{"footnotes":""},"categories":[4],"tags":[],"class_list":["post-42365","post","type-post","status-publish","format-standard","has-post-thumbnail","hentry","category-local"],"_links":{"self":[{"href":"https:\/\/www.contextosdigital.com\/index.php?rest_route=\/wp\/v2\/posts\/42365","targetHints":{"allow":["GET"]}}],"collection":[{"href":"https:\/\/www.contextosdigital.com\/index.php?rest_route=\/wp\/v2\/posts"}],"about":[{"href":"https:\/\/www.contextosdigital.com\/index.php?rest_route=\/wp\/v2\/types\/post"}],"author":[{"embeddable":true,"href":"https:\/\/www.contextosdigital.com\/index.php?rest_route=\/wp\/v2\/users\/2"}],"replies":[{"embeddable":true,"href":"https:\/\/www.contextosdigital.com\/index.php?rest_route=%2Fwp%2Fv2%2Fcomments&post=42365"}],"version-history":[{"count":1,"href":"https:\/\/www.contextosdigital.com\/index.php?rest_route=\/wp\/v2\/posts\/42365\/revisions"}],"predecessor-version":[{"id":42367,"href":"https:\/\/www.contextosdigital.com\/index.php?rest_route=\/wp\/v2\/posts\/42365\/revisions\/42367"}],"wp:featuredmedia":[{"embeddable":true,"href":"https:\/\/www.contextosdigital.com\/index.php?rest_route=\/wp\/v2\/media\/42366"}],"wp:attachment":[{"href":"https:\/\/www.contextosdigital.com\/index.php?rest_route=%2Fwp%2Fv2%2Fmedia&parent=42365"}],"wp:term":[{"taxonomy":"category","embeddable":true,"href":"https:\/\/www.contextosdigital.com\/index.php?rest_route=%2Fwp%2Fv2%2Fcategories&post=42365"},{"taxonomy":"post_tag","embeddable":true,"href":"https:\/\/www.contextosdigital.com\/index.php?rest_route=%2Fwp%2Fv2%2Ftags&post=42365"}],"curies":[{"name":"wp","href":"https:\/\/api.w.org\/{rel}","templated":true}]}}