{"id":42360,"date":"2016-02-23T09:26:49","date_gmt":"2016-02-23T14:26:49","guid":{"rendered":"http:\/\/www.contextosdigital.com\/?p=42360"},"modified":"2016-02-23T09:26:49","modified_gmt":"2016-02-23T14:26:49","slug":"invita-gobierno-del-estado-a-cursar-talleres-artisticos-gratuitos-en-el-centro-de-las-artes","status":"publish","type":"post","link":"https:\/\/www.contextosdigital.com\/?p=42360","title":{"rendered":"Invita Gobierno del Estado a cursar talleres art\u00edsticos gratuitos en el Centro de las Artes"},"content":{"rendered":"<p>A fin de impulsar el desarrollo de las propuestas art\u00edsticas, el Gobierno del Estado, a trav\u00e9s del Instituto Tlaxcalteca de la Cultura (ITC), invita a creadores y promotores culturales de la entidad a participar en alguno de los talleres especializados que ofrece el Centro de las Artes.<\/p>\n<p>El objetivo general del proyecto \u2013que inici\u00f3 este lunes 22 de febrero- consiste en dotar al alumno de elementos te\u00f3ricos y pr\u00e1cticos, mediante una serie de asignaturas que le ayuden a perfeccionar sus habilidades, as\u00ed como a sustentar su formaci\u00f3n profesional.<\/p>\n<p>En esta primera fase de la oferta acad\u00e9mica se impartir\u00e1 el \u201cDiplomado Pr\u00e1ctico en Profesionalizaci\u00f3n Teatral\u201d, enfocado a j\u00f3venes y adultos de esta comunidad tlaxcalteca, tanto para iniciados como para avanzados en las artes esc\u00e9nicas.<\/p>\n<p>Adem\u00e1s se pondr\u00e1n en marcha los talleres-seminario sobre: \u201cGr\u00e1fica Contempor\u00e1nea\u201d, \u201cPoes\u00eda para Escritores\u201d, \u201cDramaturgia\u201d y \u201cEscultura\u201d, dirigidos a artistas pl\u00e1sticos, estudiantes de artes visuales, poetas, dramaturgos, escritores y p\u00fablico en general, respectivamente.<\/p>\n<p>Del 21 al 26 de marzo se abrir\u00e1 el \u201cTaller Cer\u00e1mica de Mata Ortiz, Chiahuhua\u201d, para interesados en este arte, el cual ser\u00e1 impartido por expertos en la elaboraci\u00f3n de piezas con dicho material.<\/p>\n<p>Mientras que en mayo pr\u00f3ximo, para escritores y p\u00fablico en general, se abrir\u00e1 el \u201cSeminario de Narrativa\u201d y culminar\u00e1n esta primer etapa con el \u201cSeminario-Taller de M\u00fasica\u201d, enfocado a ejecutantes, cantantes de coro, grupos de m\u00fasica, impartido por especialistas de la Academia de Augusto Bertado, la Universidad del Estado de Maine, de Estados Unidos, y del Conservatorio Nacional de M\u00fasica.<\/p>\n<p>Cabe destacar que estos talleres permitir\u00e1n a los alumnos reforzar los planes acad\u00e9micos del ITC, en sus contenidos y propuestas, proyectos de evaluaci\u00f3n y seguimiento de los procesos educativos en artes.<\/p>\n<p>Los interesados en esta oferta educativa pueden acercarse a la Coordinaci\u00f3n Acad\u00e9mica del Centro de las Artes, ubicada en calle \u00c1ngel Solana n\u00famero 9, primera secci\u00f3n, San Luis Apizaquito, municipio de Apizaco.<\/p>\n","protected":false},"excerpt":{"rendered":"<p>A fin de impulsar el desarrollo de las propuestas art\u00edsticas, el Gobierno del Estado, a trav\u00e9s del Instituto Tlaxcalteca de la Cultura (ITC), invita a creadores y promotores culturales de la entidad a participar en alguno de los talleres especializados que ofrece el Centro de las Artes.<br \/>\n El objetivo general del proyecto \u2013que inici\u00f3 este lunes 22 de febrero- consiste en dotar al alumno de elementos te\u00f3ricos y pr\u00e1cticos, mediante una serie de asignaturas que le ayuden a perfeccionar sus habilidades, as\u00ed como a sustentar su formaci\u00f3n profesional.<br \/>\n En esta primera fase de la oferta acad\u00e9mica se impartir\u00e1 el \u201cDiplomado Pr\u00e1ctico en Profesionalizaci\u00f3n Teatral\u201d, enfocado a j\u00f3venes y adultos de esta comunidad tlaxcalteca, tanto para iniciados como para avanzados en las artes esc\u00e9nicas.<br \/>\n Adem\u00e1s se pondr\u00e1n en marcha los talleres-seminario sobre: \u201cGr\u00e1fica Contempor\u00e1nea\u201d, \u201cPoes\u00eda para Escritores\u201d, \u201cDramaturgia\u201d y \u201cEscultura\u201d, dirigidos a artistas pl\u00e1sticos, estudiantes de artes visuales, poetas, dramaturgos, escritores y p\u00fablico en general, respectivamente.<\/p>\n","protected":false},"author":2,"featured_media":0,"comment_status":"open","ping_status":"open","sticky":false,"template":"","format":"standard","meta":{"footnotes":""},"categories":[4],"tags":[],"class_list":["post-42360","post","type-post","status-publish","format-standard","hentry","category-local"],"_links":{"self":[{"href":"https:\/\/www.contextosdigital.com\/index.php?rest_route=\/wp\/v2\/posts\/42360","targetHints":{"allow":["GET"]}}],"collection":[{"href":"https:\/\/www.contextosdigital.com\/index.php?rest_route=\/wp\/v2\/posts"}],"about":[{"href":"https:\/\/www.contextosdigital.com\/index.php?rest_route=\/wp\/v2\/types\/post"}],"author":[{"embeddable":true,"href":"https:\/\/www.contextosdigital.com\/index.php?rest_route=\/wp\/v2\/users\/2"}],"replies":[{"embeddable":true,"href":"https:\/\/www.contextosdigital.com\/index.php?rest_route=%2Fwp%2Fv2%2Fcomments&post=42360"}],"version-history":[{"count":1,"href":"https:\/\/www.contextosdigital.com\/index.php?rest_route=\/wp\/v2\/posts\/42360\/revisions"}],"predecessor-version":[{"id":42361,"href":"https:\/\/www.contextosdigital.com\/index.php?rest_route=\/wp\/v2\/posts\/42360\/revisions\/42361"}],"wp:attachment":[{"href":"https:\/\/www.contextosdigital.com\/index.php?rest_route=%2Fwp%2Fv2%2Fmedia&parent=42360"}],"wp:term":[{"taxonomy":"category","embeddable":true,"href":"https:\/\/www.contextosdigital.com\/index.php?rest_route=%2Fwp%2Fv2%2Fcategories&post=42360"},{"taxonomy":"post_tag","embeddable":true,"href":"https:\/\/www.contextosdigital.com\/index.php?rest_route=%2Fwp%2Fv2%2Ftags&post=42360"}],"curies":[{"name":"wp","href":"https:\/\/api.w.org\/{rel}","templated":true}]}}