{"id":42351,"date":"2016-02-23T09:21:29","date_gmt":"2016-02-23T14:21:29","guid":{"rendered":"http:\/\/www.contextosdigital.com\/?p=42351"},"modified":"2016-02-23T09:21:29","modified_gmt":"2016-02-23T14:21:29","slug":"en-chiautempan-seguridad-publica-continua-con-programas-de-prevencion","status":"publish","type":"post","link":"https:\/\/www.contextosdigital.com\/?p=42351","title":{"rendered":"En Chiautempan, seguridad p\u00fablica contin\u00faa con programas de prevenci\u00f3n."},"content":{"rendered":"<p>Como parte de las actividades que realiza el ayuntamiento de Chiautempan, a trav\u00e9s de la direcci\u00f3n de Seguridad p\u00fablica municipal, elementos del \u00e1rea de \u00abPrevenci\u00f3n del delito y participaci\u00f3n ciudadana\u00bb el pasado s\u00e1bado trece de febrero, implementaron el programa \u00abComercio seguro\u00bb en la zona centro de la ciudad lanera.<\/p>\n<p>As\u00ed lo menciono el comandante Gonzalo Mart\u00ednez Caricio, director de seguridad p\u00fablica municipal, quien a su vez reitero que las instrucciones del presidente Antonio Mendoza Romero son las de brindar los elementos necesarios para lograr una comuna segura, as\u00ed como ofrecer las atenciones necesarias para dar una respuesta inmediata en caso de presentarse alguna situaci\u00f3n que ponga en riesgo la integridad f\u00edsica de los chiautempenses.<\/p>\n<p>En esta ocasi\u00f3n el programa de \u00abComercio seguro\u00bb se realiz\u00f3 a trav\u00e9s de un recorrido por la calle Antonio D\u00edaz Varela, de la colonia centro, donde se visitaron a m\u00e1s de 130 locatarios con la finalidad de proporcionarles folletos que contienen recomendaciones de c\u00f3mo evitar ser v\u00edctima del robo a comercio, as\u00ed como los n\u00fameros de emergencia 066 y 089.<\/p>\n","protected":false},"excerpt":{"rendered":"<p>Como parte de las actividades que realiza el ayuntamiento de Chiautempan, a trav\u00e9s de la direcci\u00f3n de Seguridad p\u00fablica municipal, elementos del \u00e1rea de \u00abPrevenci\u00f3n del delito y participaci\u00f3n ciudadana\u00bb el pasado s\u00e1bado trece de febrero, implementaron el programa \u00abComercio seguro\u00bb en la zona centro de la ciudad lanera.<br \/>\nAs\u00ed lo menciono el comandante Gonzalo Mart\u00ednez Caricio, director de seguridad p\u00fablica municipal, quien a su vez reitero que las instrucciones del presidente Antonio Mendoza Romero son las de brindar los elementos necesarios para lograr una comuna segura, as\u00ed como ofrecer las atenciones necesarias para dar una respuesta inmediata en caso de presentarse alguna situaci\u00f3n que ponga en riesgo la integridad f\u00edsica de los chiautempenses.<\/p>\n","protected":false},"author":2,"featured_media":42352,"comment_status":"open","ping_status":"open","sticky":false,"template":"","format":"standard","meta":{"footnotes":""},"categories":[4],"tags":[],"class_list":["post-42351","post","type-post","status-publish","format-standard","has-post-thumbnail","hentry","category-local"],"_links":{"self":[{"href":"https:\/\/www.contextosdigital.com\/index.php?rest_route=\/wp\/v2\/posts\/42351","targetHints":{"allow":["GET"]}}],"collection":[{"href":"https:\/\/www.contextosdigital.com\/index.php?rest_route=\/wp\/v2\/posts"}],"about":[{"href":"https:\/\/www.contextosdigital.com\/index.php?rest_route=\/wp\/v2\/types\/post"}],"author":[{"embeddable":true,"href":"https:\/\/www.contextosdigital.com\/index.php?rest_route=\/wp\/v2\/users\/2"}],"replies":[{"embeddable":true,"href":"https:\/\/www.contextosdigital.com\/index.php?rest_route=%2Fwp%2Fv2%2Fcomments&post=42351"}],"version-history":[{"count":1,"href":"https:\/\/www.contextosdigital.com\/index.php?rest_route=\/wp\/v2\/posts\/42351\/revisions"}],"predecessor-version":[{"id":42353,"href":"https:\/\/www.contextosdigital.com\/index.php?rest_route=\/wp\/v2\/posts\/42351\/revisions\/42353"}],"wp:featuredmedia":[{"embeddable":true,"href":"https:\/\/www.contextosdigital.com\/index.php?rest_route=\/wp\/v2\/media\/42352"}],"wp:attachment":[{"href":"https:\/\/www.contextosdigital.com\/index.php?rest_route=%2Fwp%2Fv2%2Fmedia&parent=42351"}],"wp:term":[{"taxonomy":"category","embeddable":true,"href":"https:\/\/www.contextosdigital.com\/index.php?rest_route=%2Fwp%2Fv2%2Fcategories&post=42351"},{"taxonomy":"post_tag","embeddable":true,"href":"https:\/\/www.contextosdigital.com\/index.php?rest_route=%2Fwp%2Fv2%2Ftags&post=42351"}],"curies":[{"name":"wp","href":"https:\/\/api.w.org\/{rel}","templated":true}]}}