{"id":42341,"date":"2016-02-22T09:50:07","date_gmt":"2016-02-22T14:50:07","guid":{"rendered":"http:\/\/www.contextosdigital.com\/?p=42341"},"modified":"2016-02-22T09:50:56","modified_gmt":"2016-02-22T14:50:56","slug":"inaugura-mgz-ampliacion-de-la-empresa-antextextil","status":"publish","type":"post","link":"https:\/\/www.contextosdigital.com\/?p=42341","title":{"rendered":"Inaugura MGZ ampliaci\u00f3n de la empresa Antextextil"},"content":{"rendered":"<p>La confianza que ofrece el Gobierno del Estado a los inversionistas fue crucial en la decisi\u00f3n de Antextextil para conquistar nuevos mercados, afirm\u00f3 \u00c1ngel Hereu Tarres, director general de esta firma, durante el acto inaugural de la ampliaci\u00f3n de su planta, que encabez\u00f3 este domingo el Mandatario Mariano Gonz\u00e1lez Zarur.<\/p>\n<p>La sede de esta firma, ubicada en el corredor industrial de Tlaxco, logr\u00f3 en tiempo r\u00e9cord pasar de seis mil metros cuadrados en 2012 a 11 mil metros cuadrados en este a\u00f1o, as\u00ed como verticalizarse y comenzar la producci\u00f3n de materia prima en la entidad para abastecer nuevos mercados.<\/p>\n<p>\u201cEstas ventajas competitivas nos han permitido no solo entregar producci\u00f3n a los mercados del pa\u00eds, sino tambi\u00e9n ser exportadores de naciones como Colombia y Per\u00fa, adem\u00e1s de competir con firmas de renombre en Estados Unidos\u201d, enfatiz\u00f3 el empresario, quien a su vez reconoci\u00f3 la mano de obra calificada de 135 tlaxcaltecas, de los municipios de Tlaxco, Apizaco y Tlaxcala, que actualmente laboran en esta factor\u00eda.<\/p>\n<p>Tras un recorrido por\u00a0 las nuevas \u00e1reas de la empresa, el Mandatario tlaxcalteca detall\u00f3 que el crecimiento de Antextextil es resultado de la estrategia estatal que busca crear condiciones \u00f3ptimas para la inversi\u00f3n, al crear infraestructura y brindar asesor\u00eda y acompa\u00f1amiento personalizado.<\/p>\n<p>Gonz\u00e1lez Zarur enfatiz\u00f3 que con esta ampliaci\u00f3n, en la que se invirtieron m\u00e1s de tres millones de d\u00f3lares, se refrenda la confianza que los due\u00f1os de los capitales en Tlaxcala, lo que la coloca dentro de las entidades l\u00edderes, pues ahora cuenta con parques industriales que brindan servicios competitivos, con respaldo institucional fuerte y con expectativas sobre el desarrollo de la regi\u00f3n.<\/p>\n<p>A la vez, destac\u00f3 el esfuerzo de Antextextil para incorporarse al Tratado de Libre Comercio con Am\u00e9rica del Norte (Nafta), al contar con mejor tecnolog\u00eda para elevar la calidad de\u00a0 sus procesos de producci\u00f3n.<\/p>\n<p>Antextextil S.A. de C.V. es una empresa dedicada al tejido de fibras sint\u00e9ticas, que elabora art\u00edculos de moda y decoraci\u00f3n, y gran parte de su producci\u00f3n est\u00e1 dirigida al sector automotriz, principalmente a Volkswagen Puebla, donde se tapizan con hilos de esta factor\u00eda\u00a0 modelos como: Nissan Tiida y Jetta, por mencionar algunos.<\/p>\n<p>En el evento estuvieron presentes la Secretaria de Turismo y Desarrollo Econ\u00f3mico, Kathya Torres V\u00e1zquez; la delegada de la Secretar\u00eda del Trabajo y Previsi\u00f3n Social, Viviana Barbosa Bonola, as\u00ed como el presidente municipal de Tlaxco, Jorge Rivera Sosa.<\/p>\n","protected":false},"excerpt":{"rendered":"<p>La confianza que ofrece el Gobierno del Estado a los inversionistas fue crucial en la decisi\u00f3n de Antextextil para conquistar nuevos mercados, afirm\u00f3 \u00c1ngel Hereu Tarres, director general de esta firma, durante el acto inaugural de la ampliaci\u00f3n de su planta, que encabez\u00f3 este domingo el Mandatario Mariano Gonz\u00e1lez Zarur.<br \/>\nLa sede de esta firma, ubicada en el corredor industrial de Tlaxco, logr\u00f3 en tiempo r\u00e9cord pasar de seis mil metros cuadrados en 2012 a 11 mil metros cuadrados en este a\u00f1o, as\u00ed como verticalizarse y comenzar la producci\u00f3n de materia prima en la entidad para abastecer nuevos mercados.<br \/>\n\u201cEstas ventajas competitivas nos han permitido no solo entregar producci\u00f3n a los mercados del pa\u00eds, sino tambi\u00e9n ser exportadores de naciones como Colombia y Per\u00fa, adem\u00e1s de competir con firmas de renombre en Estados Unidos\u201d, enfatiz\u00f3 el empresario, quien a su vez reconoci\u00f3 la mano de obra calificada de 135 tlaxcaltecas, de los municipios de Tlaxco, Apizaco y Tlaxcala, que actualmente laboran en esta factor\u00eda.<\/p>\n","protected":false},"author":2,"featured_media":42342,"comment_status":"open","ping_status":"open","sticky":false,"template":"","format":"standard","meta":{"footnotes":""},"categories":[4],"tags":[],"class_list":["post-42341","post","type-post","status-publish","format-standard","has-post-thumbnail","hentry","category-local"],"_links":{"self":[{"href":"https:\/\/www.contextosdigital.com\/index.php?rest_route=\/wp\/v2\/posts\/42341","targetHints":{"allow":["GET"]}}],"collection":[{"href":"https:\/\/www.contextosdigital.com\/index.php?rest_route=\/wp\/v2\/posts"}],"about":[{"href":"https:\/\/www.contextosdigital.com\/index.php?rest_route=\/wp\/v2\/types\/post"}],"author":[{"embeddable":true,"href":"https:\/\/www.contextosdigital.com\/index.php?rest_route=\/wp\/v2\/users\/2"}],"replies":[{"embeddable":true,"href":"https:\/\/www.contextosdigital.com\/index.php?rest_route=%2Fwp%2Fv2%2Fcomments&post=42341"}],"version-history":[{"count":1,"href":"https:\/\/www.contextosdigital.com\/index.php?rest_route=\/wp\/v2\/posts\/42341\/revisions"}],"predecessor-version":[{"id":42343,"href":"https:\/\/www.contextosdigital.com\/index.php?rest_route=\/wp\/v2\/posts\/42341\/revisions\/42343"}],"wp:featuredmedia":[{"embeddable":true,"href":"https:\/\/www.contextosdigital.com\/index.php?rest_route=\/wp\/v2\/media\/42342"}],"wp:attachment":[{"href":"https:\/\/www.contextosdigital.com\/index.php?rest_route=%2Fwp%2Fv2%2Fmedia&parent=42341"}],"wp:term":[{"taxonomy":"category","embeddable":true,"href":"https:\/\/www.contextosdigital.com\/index.php?rest_route=%2Fwp%2Fv2%2Fcategories&post=42341"},{"taxonomy":"post_tag","embeddable":true,"href":"https:\/\/www.contextosdigital.com\/index.php?rest_route=%2Fwp%2Fv2%2Ftags&post=42341"}],"curies":[{"name":"wp","href":"https:\/\/api.w.org\/{rel}","templated":true}]}}