{"id":42332,"date":"2016-02-22T09:46:33","date_gmt":"2016-02-22T14:46:33","guid":{"rendered":"http:\/\/www.contextosdigital.com\/?p=42332"},"modified":"2016-02-22T09:52:12","modified_gmt":"2016-02-22T14:52:12","slug":"realizara-sesa-primera-semana-nacional-de-salud-del-20-al-26-de-febrero","status":"publish","type":"post","link":"https:\/\/www.contextosdigital.com\/?p=42332","title":{"rendered":"Realizar\u00e1 SESA Primera Semana Nacional de Salud del 20 al 26 de febrero"},"content":{"rendered":"<p>El Gobierno que encabeza Mariano Gonz\u00e1lez Zarur se une a las pol\u00edticas de salud de la administraci\u00f3n federal, a fin de coadyuvar en el bienestar integral de la poblaci\u00f3n, es por ello que del 20 al 26 de febrero se llevar\u00e1n a cabo en Tlaxcala acciones como parte de la Primera Semana Nacional de Salud.<\/p>\n<p>Tales actividades estar\u00e1n a cargo de la Secretar\u00eda de Salud (Sesa) y consistir\u00e1n principalmente en la aplicaci\u00f3n, v\u00eda oral, de la vacuna Sabin a todos infantes de seis a\u00f1os de edad que no han recibido la segunda dosis de este biol\u00f3gico.<\/p>\n<p>De tal forma que\u00a0 la meta para Tlaxcala es la aplicaci\u00f3n de 204 mil 806 dosis, a lo que se suman 211 mil 229 actividades adicionales que incluyen dotaci\u00f3n de sobres vida suero oral, dotaci\u00f3n de \u00e1cido f\u00f3lico, mensajes promocionales dirigidos a mam\u00e1s con hijos menores de edad para detectar signos y s\u00edntomas de alarma de enfermedades diarreicas e infecciones respiratorias agudas, entre otras.<\/p>\n<p>Asimismo, se instalar\u00e1n 587 puestos de vacunaci\u00f3n con la participaci\u00f3n de mil 780 personas entre m\u00e9dicos, enfermeras y voluntarios, alrededor de la geograf\u00eda tlaxcalteca.<\/p>\n<p>Tambi\u00e9n se conformar\u00e1n brigadas con el objetivo de hacer visitas domiciliarias y atender al mayor n\u00famero de personas posible.<\/p>\n<p>Otra de las metas de esta Primera Semana Nacional de Salud en la entidad es mantener el 95 por ciento de cobertura de vacunaci\u00f3n por municipio, al igual que contribuir a la disminuci\u00f3n de la mortalidad por enfermedades diarreicas agudas mediante el uso del sobre vida suero oral.<\/p>\n<p>Cabe mencionar que este programa de vacunaci\u00f3n universal del Gobierno federal es una pol\u00edtica sanitaria que\u00a0 tiene como prop\u00f3sito proveer protecci\u00f3n espec\u00edfica contra algunas infecciones mediante la vacunaci\u00f3n en los diferentes grupos de edad\u00a0 en toda la poblaci\u00f3n del pa\u00eds.<\/p>\n<p>Es as\u00ed como la administraci\u00f3n de Gonz\u00e1lez Zarur trabaja para garantizar el bienestar integral de la poblaci\u00f3n tlaxcalteca, con acciones coordinadas en materia de salud.<\/p>\n","protected":false},"excerpt":{"rendered":"<p>El Gobierno que encabeza Mariano Gonz\u00e1lez Zarur se une a las pol\u00edticas de salud de la administraci\u00f3n federal, a fin de coadyuvar en el bienestar integral de la poblaci\u00f3n, es por ello que del 20 al 26 de febrero se llevar\u00e1n a cabo en Tlaxcala acciones como parte de la Primera Semana Nacional de Salud.<br \/>\n Tales actividades estar\u00e1n a cargo de la Secretar\u00eda de Salud (Sesa) y consistir\u00e1n principalmente en la aplicaci\u00f3n, v\u00eda oral, de la vacuna Sabin a todos infantes de seis a\u00f1os de edad que no han recibido la segunda dosis de este biol\u00f3gico.<\/p>\n","protected":false},"author":2,"featured_media":42333,"comment_status":"open","ping_status":"open","sticky":false,"template":"","format":"standard","meta":{"footnotes":""},"categories":[4],"tags":[],"class_list":["post-42332","post","type-post","status-publish","format-standard","has-post-thumbnail","hentry","category-local"],"_links":{"self":[{"href":"https:\/\/www.contextosdigital.com\/index.php?rest_route=\/wp\/v2\/posts\/42332","targetHints":{"allow":["GET"]}}],"collection":[{"href":"https:\/\/www.contextosdigital.com\/index.php?rest_route=\/wp\/v2\/posts"}],"about":[{"href":"https:\/\/www.contextosdigital.com\/index.php?rest_route=\/wp\/v2\/types\/post"}],"author":[{"embeddable":true,"href":"https:\/\/www.contextosdigital.com\/index.php?rest_route=\/wp\/v2\/users\/2"}],"replies":[{"embeddable":true,"href":"https:\/\/www.contextosdigital.com\/index.php?rest_route=%2Fwp%2Fv2%2Fcomments&post=42332"}],"version-history":[{"count":2,"href":"https:\/\/www.contextosdigital.com\/index.php?rest_route=\/wp\/v2\/posts\/42332\/revisions"}],"predecessor-version":[{"id":42344,"href":"https:\/\/www.contextosdigital.com\/index.php?rest_route=\/wp\/v2\/posts\/42332\/revisions\/42344"}],"wp:featuredmedia":[{"embeddable":true,"href":"https:\/\/www.contextosdigital.com\/index.php?rest_route=\/wp\/v2\/media\/42333"}],"wp:attachment":[{"href":"https:\/\/www.contextosdigital.com\/index.php?rest_route=%2Fwp%2Fv2%2Fmedia&parent=42332"}],"wp:term":[{"taxonomy":"category","embeddable":true,"href":"https:\/\/www.contextosdigital.com\/index.php?rest_route=%2Fwp%2Fv2%2Fcategories&post=42332"},{"taxonomy":"post_tag","embeddable":true,"href":"https:\/\/www.contextosdigital.com\/index.php?rest_route=%2Fwp%2Fv2%2Ftags&post=42332"}],"curies":[{"name":"wp","href":"https:\/\/api.w.org\/{rel}","templated":true}]}}