{"id":42329,"date":"2016-02-22T09:45:15","date_gmt":"2016-02-22T14:45:15","guid":{"rendered":"http:\/\/www.contextosdigital.com\/?p=42329"},"modified":"2016-02-22T09:45:15","modified_gmt":"2016-02-22T14:45:15","slug":"en-chiautempan-acercan-servicios-de-salud-dental-a-adultos-mayores","status":"publish","type":"post","link":"https:\/\/www.contextosdigital.com\/?p=42329","title":{"rendered":"En Chiautempan acercan servicios de salud dental a adultos mayores."},"content":{"rendered":"<p>Con la intenci\u00f3n de atender a los adultos mayores que radican en el municipio, personal del Sistema Municipal para el Desarrollo Integral de la Familia (SMDIF) en coordinaci\u00f3n con el Instituto Mexicano del Seguro Social (IMSS), a trav\u00e9s de las presidencias de comunidad y los grupos de la tercera edad que hay en demarcaci\u00f3n chiautempense, atendieron la solicitud de estos \u00faltimos para ser atendidos en cuanto a servicios de salud bucal.<\/p>\n<p>As\u00ed lo coment\u00f3 Olivia Rosete Rosete, directora del DIF municipal de Chiautempan, quien adem\u00e1s abund\u00f3 que una de las encomiendas del alcalde Antonio Mendoza Romero, es la de brindar la atenci\u00f3n que requiera el sector de la tercera edad en el municipio, por lo que a solicitud de los adultos mayores, durante lo que va de febrero, se han visitado algunas comunidades con la intenci\u00f3n de atender a m\u00e1s de cien abuelitos.<\/p>\n<p>Rosete Rosete coment\u00f3 adem\u00e1s que odont\u00f3logos del seguro social han acudido para brindar revisiones y diagn\u00f3sticos, as\u00ed como impartir pl\u00e1ticas de salud bucal orientada a los adultos mayores en cuanto a t\u00e9cnicas de cepillado y cuidados propios de su edad.<\/p>\n","protected":false},"excerpt":{"rendered":"<p>Con la intenci\u00f3n de atender a los adultos mayores que radican en el municipio, personal del Sistema Municipal para el Desarrollo Integral de la Familia (SMDIF) en coordinaci\u00f3n con el Instituto Mexicano del Seguro Social (IMSS), a trav\u00e9s de las presidencias de comunidad y los grupos de la tercera edad que hay en demarcaci\u00f3n chiautempense, atendieron la solicitud de estos \u00faltimos para ser atendidos en cuanto a servicios de salud bucal.<br \/>\nAs\u00ed lo coment\u00f3 Olivia Rosete Rosete, directora del DIF municipal de Chiautempan, quien adem\u00e1s abund\u00f3 que una de las encomiendas del alcalde Antonio Mendoza Romero, es la de brindar la atenci\u00f3n que requiera el sector de la tercera edad en el municipio, por lo que a solicitud de los adultos mayores, durante lo que va de febrero, se han visitado algunas comunidades con la intenci\u00f3n de atender a m\u00e1s de cien abuelitos.<\/p>\n","protected":false},"author":2,"featured_media":42330,"comment_status":"open","ping_status":"open","sticky":false,"template":"","format":"standard","meta":{"footnotes":""},"categories":[4],"tags":[],"class_list":["post-42329","post","type-post","status-publish","format-standard","has-post-thumbnail","hentry","category-local"],"_links":{"self":[{"href":"https:\/\/www.contextosdigital.com\/index.php?rest_route=\/wp\/v2\/posts\/42329","targetHints":{"allow":["GET"]}}],"collection":[{"href":"https:\/\/www.contextosdigital.com\/index.php?rest_route=\/wp\/v2\/posts"}],"about":[{"href":"https:\/\/www.contextosdigital.com\/index.php?rest_route=\/wp\/v2\/types\/post"}],"author":[{"embeddable":true,"href":"https:\/\/www.contextosdigital.com\/index.php?rest_route=\/wp\/v2\/users\/2"}],"replies":[{"embeddable":true,"href":"https:\/\/www.contextosdigital.com\/index.php?rest_route=%2Fwp%2Fv2%2Fcomments&post=42329"}],"version-history":[{"count":1,"href":"https:\/\/www.contextosdigital.com\/index.php?rest_route=\/wp\/v2\/posts\/42329\/revisions"}],"predecessor-version":[{"id":42331,"href":"https:\/\/www.contextosdigital.com\/index.php?rest_route=\/wp\/v2\/posts\/42329\/revisions\/42331"}],"wp:featuredmedia":[{"embeddable":true,"href":"https:\/\/www.contextosdigital.com\/index.php?rest_route=\/wp\/v2\/media\/42330"}],"wp:attachment":[{"href":"https:\/\/www.contextosdigital.com\/index.php?rest_route=%2Fwp%2Fv2%2Fmedia&parent=42329"}],"wp:term":[{"taxonomy":"category","embeddable":true,"href":"https:\/\/www.contextosdigital.com\/index.php?rest_route=%2Fwp%2Fv2%2Fcategories&post=42329"},{"taxonomy":"post_tag","embeddable":true,"href":"https:\/\/www.contextosdigital.com\/index.php?rest_route=%2Fwp%2Fv2%2Ftags&post=42329"}],"curies":[{"name":"wp","href":"https:\/\/api.w.org\/{rel}","templated":true}]}}