{"id":42327,"date":"2016-02-22T09:44:02","date_gmt":"2016-02-22T14:44:02","guid":{"rendered":"http:\/\/www.contextosdigital.com\/?p=42327"},"modified":"2016-02-22T09:44:02","modified_gmt":"2016-02-22T14:44:02","slug":"capacito-cge-a-mas-de-30-brigadistas-para-atender-incendios-en-la-malinche","status":"publish","type":"post","link":"https:\/\/www.contextosdigital.com\/?p=42327","title":{"rendered":"Capacit\u00f3 CGE a m\u00e1s de 30 brigadistas para atender incendios en la Malinche"},"content":{"rendered":"<p>Con el objetivo de contar con personal especializado para atender de manera eficaz los incendios forestales en el Parque Nacional Malinche (PNM), la Coordinaci\u00f3n General de Ecolog\u00eda (CGE) capacit\u00f3 a 36 brigadistas para atender la temporada de estiaje.<\/p>\n<p>Por instrucciones del Gobernador, Mariano Gonz\u00e1lez Zarur, la CGE trabaja de manera coordinada con la Comisi\u00f3n Nacional Forestal (Conafor), quienes de manera conjunta han desplegado tres brigadas que est\u00e1n entrenadas para combatir los incendios en puntos estrat\u00e9gicos en 12 municipios aleda\u00f1os al volc\u00e1n.<\/p>\n<p>Aunado a estas acciones, la dependencia mantiene recorridos de vigilancia desde inicio de a\u00f1o, tanto a pie como en unidades, sobre la perimetral y faldas del\u00a0 PNM para detectar alg\u00fan indicio de fuego.<\/p>\n<p>Otro logro a favor de esta \u00e1rea protegida, es el trabajo de guardabosques y personal t\u00e9cnico del Centro Operativo Malinche, quienes tienen la encomienda de\u00a0 brindar orientaci\u00f3n a los campesinos sobre las medidas preventivas para la quema agr\u00edcola y el cumplimiento con la Norma Oficial Mexicana de la Secretar\u00eda del Medio Ambiente y Recursos Naturales (Semarnat).<\/p>\n<p>Cabe destacar que los brigadistas cuentan con equipo especializado, as\u00ed como con unidades vehiculares y uniformes, herramientas que les permiten hacer frente a los protocolos establecidos contra incendios.<\/p>\n<p>Luego de que en 2015 se registraran 157 siniestros y a la fecha se cuenta con el reporte de 25 incendios en el PNM, con 44 hect\u00e1reas afectadas, -en su mayor\u00eda de pasto y maleza-, dichas medidas preventivas se realizan de manera coordinada con los diferentes niveles de Gobierno, para mantener esta reserva natural en \u00f3ptimas condiciones.<\/p>\n<p>Es as\u00ed como el Gobierno que encabeza Mariano Gonz\u00e1lez Zarur responde a los trabajos establecidos en el Plan Estatal de Desarrollo 2011-2016, que determina la recuperaci\u00f3n de los bosques y suelos locales para frenar su erosi\u00f3n.<\/p>\n","protected":false},"excerpt":{"rendered":"<p>Con el objetivo de contar con personal especializado para atender de manera eficaz los incendios forestales en el Parque Nacional Malinche (PNM), la Coordinaci\u00f3n General de Ecolog\u00eda (CGE) capacit\u00f3 a 36 brigadistas para atender la temporada de estiaje.<br \/>\nPor instrucciones del Gobernador, Mariano Gonz\u00e1lez Zarur, la CGE trabaja de manera coordinada con la Comisi\u00f3n Nacional Forestal (Conafor), quienes de manera conjunta han desplegado tres brigadas que est\u00e1n entrenadas para combatir los incendios en puntos estrat\u00e9gicos en 12 municipios aleda\u00f1os al volc\u00e1n.<br \/>\nAunado a estas acciones, la dependencia mantiene recorridos de vigilancia desde inicio de a\u00f1o, tanto a pie como en unidades, sobre la perimetral y faldas del  PNM para detectar alg\u00fan indicio de fuego.<\/p>\n","protected":false},"author":2,"featured_media":32704,"comment_status":"open","ping_status":"open","sticky":false,"template":"","format":"standard","meta":{"footnotes":""},"categories":[4],"tags":[],"class_list":["post-42327","post","type-post","status-publish","format-standard","has-post-thumbnail","hentry","category-local"],"_links":{"self":[{"href":"https:\/\/www.contextosdigital.com\/index.php?rest_route=\/wp\/v2\/posts\/42327","targetHints":{"allow":["GET"]}}],"collection":[{"href":"https:\/\/www.contextosdigital.com\/index.php?rest_route=\/wp\/v2\/posts"}],"about":[{"href":"https:\/\/www.contextosdigital.com\/index.php?rest_route=\/wp\/v2\/types\/post"}],"author":[{"embeddable":true,"href":"https:\/\/www.contextosdigital.com\/index.php?rest_route=\/wp\/v2\/users\/2"}],"replies":[{"embeddable":true,"href":"https:\/\/www.contextosdigital.com\/index.php?rest_route=%2Fwp%2Fv2%2Fcomments&post=42327"}],"version-history":[{"count":1,"href":"https:\/\/www.contextosdigital.com\/index.php?rest_route=\/wp\/v2\/posts\/42327\/revisions"}],"predecessor-version":[{"id":42328,"href":"https:\/\/www.contextosdigital.com\/index.php?rest_route=\/wp\/v2\/posts\/42327\/revisions\/42328"}],"wp:featuredmedia":[{"embeddable":true,"href":"https:\/\/www.contextosdigital.com\/index.php?rest_route=\/wp\/v2\/media\/32704"}],"wp:attachment":[{"href":"https:\/\/www.contextosdigital.com\/index.php?rest_route=%2Fwp%2Fv2%2Fmedia&parent=42327"}],"wp:term":[{"taxonomy":"category","embeddable":true,"href":"https:\/\/www.contextosdigital.com\/index.php?rest_route=%2Fwp%2Fv2%2Fcategories&post=42327"},{"taxonomy":"post_tag","embeddable":true,"href":"https:\/\/www.contextosdigital.com\/index.php?rest_route=%2Fwp%2Fv2%2Ftags&post=42327"}],"curies":[{"name":"wp","href":"https:\/\/api.w.org\/{rel}","templated":true}]}}