{"id":42322,"date":"2016-02-22T09:40:17","date_gmt":"2016-02-22T14:40:17","guid":{"rendered":"http:\/\/www.contextosdigital.com\/?p=42322"},"modified":"2016-02-22T09:40:17","modified_gmt":"2016-02-22T14:40:17","slug":"continua-gobierno-estatal-con-entrega-de-aparatos-funcionales-para-personas-con-discapacidad","status":"publish","type":"post","link":"https:\/\/www.contextosdigital.com\/?p=42322","title":{"rendered":"Contin\u00faa Gobierno Estatal con entrega de aparatos funcionales para personas con discapacidad"},"content":{"rendered":"<p>El Gobierno que encabeza Mariano Gonz\u00e1lez Zarur\u00a0 atiende a todos los sectores de la poblaci\u00f3n por igual, y en este trabajo coadyuvan diversas dependencias como es el caso del Instituto Tlaxcala para Personas con Discapacidad (Itpcd), instancia a trav\u00e9s de la que se entregaron aparatos funcionales en los municipios de Panotla, Zacualpan y Texoloc.<\/p>\n<p>Al respecto, la titular de este instituto, Mar\u00eda del Carmen Mazarrasa Corona, afirm\u00f3 que con la distribuci\u00f3n de este tipo de apoyo, los beneficiarios mejoran su calidad de vida, al contar con herramientas como bastones, andaderas, sillas de ruedas, entre otros,\u00a0 que los hace m\u00e1s independientes para sus labores cotidianas.<\/p>\n<p>En este sentido, la funcionaria recalc\u00f3 que a lo largo de la presente administraci\u00f3n estatal, la instrucci\u00f3n del Gobernador fue atender a todos los tlaxcaltecas sin distingo alguno, a fin de coadyuvar a su bienestar integral.<\/p>\n<p>Asimismo, Mazarrasa Corona enfatiz\u00f3 que estas acciones se ejecutan con el pleno respaldo del Sistema Estatal para el Desarrollo Integral de la Familia (DIF), que preside Mariana Gonz\u00e1lez Foullon, por los que los beneficios llegan cada vez a m\u00e1s tlaxcaltecas en situaci\u00f3n vulnerable.<\/p>\n<p>La titular del Itpcd se\u00f1al\u00f3 que tan solo en lo que va de este a\u00f1o se han entregado aparatos funcionales a 123 personas de diversos municipios, acciones que se fortalecer\u00e1n en los siguientes meses, puesto que el objetivo es apoyar a m\u00e1s tlaxcaltecas que as\u00ed lo requieran.<\/p>\n","protected":false},"excerpt":{"rendered":"<p>El Gobierno que encabeza Mariano Gonz\u00e1lez Zarur  atiende a todos los sectores de la poblaci\u00f3n por igual, y en este trabajo coadyuvan diversas dependencias como es el caso del Instituto Tlaxcala para Personas con Discapacidad (Itpcd), instancia a trav\u00e9s de la que se entregaron aparatos funcionales en los municipios de Panotla, Zacualpan y Texoloc.<br \/>\nAl respecto, la titular de este instituto, Mar\u00eda del Carmen Mazarrasa Corona, afirm\u00f3 que con la distribuci\u00f3n de este tipo de apoyo, los beneficiarios mejoran su calidad de vida, al contar con herramientas como bastones, andaderas, sillas de ruedas, entre otros,  que los hace m\u00e1s independientes para sus labores cotidianas.<\/p>\n","protected":false},"author":2,"featured_media":42323,"comment_status":"open","ping_status":"open","sticky":false,"template":"","format":"standard","meta":{"footnotes":""},"categories":[4],"tags":[],"class_list":["post-42322","post","type-post","status-publish","format-standard","has-post-thumbnail","hentry","category-local"],"_links":{"self":[{"href":"https:\/\/www.contextosdigital.com\/index.php?rest_route=\/wp\/v2\/posts\/42322","targetHints":{"allow":["GET"]}}],"collection":[{"href":"https:\/\/www.contextosdigital.com\/index.php?rest_route=\/wp\/v2\/posts"}],"about":[{"href":"https:\/\/www.contextosdigital.com\/index.php?rest_route=\/wp\/v2\/types\/post"}],"author":[{"embeddable":true,"href":"https:\/\/www.contextosdigital.com\/index.php?rest_route=\/wp\/v2\/users\/2"}],"replies":[{"embeddable":true,"href":"https:\/\/www.contextosdigital.com\/index.php?rest_route=%2Fwp%2Fv2%2Fcomments&post=42322"}],"version-history":[{"count":1,"href":"https:\/\/www.contextosdigital.com\/index.php?rest_route=\/wp\/v2\/posts\/42322\/revisions"}],"predecessor-version":[{"id":42324,"href":"https:\/\/www.contextosdigital.com\/index.php?rest_route=\/wp\/v2\/posts\/42322\/revisions\/42324"}],"wp:featuredmedia":[{"embeddable":true,"href":"https:\/\/www.contextosdigital.com\/index.php?rest_route=\/wp\/v2\/media\/42323"}],"wp:attachment":[{"href":"https:\/\/www.contextosdigital.com\/index.php?rest_route=%2Fwp%2Fv2%2Fmedia&parent=42322"}],"wp:term":[{"taxonomy":"category","embeddable":true,"href":"https:\/\/www.contextosdigital.com\/index.php?rest_route=%2Fwp%2Fv2%2Fcategories&post=42322"},{"taxonomy":"post_tag","embeddable":true,"href":"https:\/\/www.contextosdigital.com\/index.php?rest_route=%2Fwp%2Fv2%2Ftags&post=42322"}],"curies":[{"name":"wp","href":"https:\/\/api.w.org\/{rel}","templated":true}]}}