{"id":42314,"date":"2016-02-22T09:35:26","date_gmt":"2016-02-22T14:35:26","guid":{"rendered":"http:\/\/www.contextosdigital.com\/?p=42314"},"modified":"2016-02-22T09:35:26","modified_gmt":"2016-02-22T14:35:26","slug":"incremento-itaes-numero-de-usuarios-atendidos-gracias-a-la-eficiencia-en-el-servicio","status":"publish","type":"post","link":"https:\/\/www.contextosdigital.com\/?p=42314","title":{"rendered":"Increment\u00f3 ITAES n\u00famero de usuarios atendidos gracias a la eficiencia en el servicio"},"content":{"rendered":"<p>El Gobierno del Estado trabaja constantemente en la mejora de los servicios m\u00e9dicos en beneficio de la poblaci\u00f3n, como resultado de esta estrategia el Instituto Tlaxcalteca de Asistencia Especializada a la Salud (Itaes) increment\u00f3 el n\u00famero de pacientes atendidos el a\u00f1o pasado, al registrar un total de 53 mil 852; es decir, cinco mil 828 m\u00e1s que en 2014.<\/p>\n<p>Al respecto, el director del Itaes, V\u00edctor Juli\u00e1n Espinosa Molina, enfatiz\u00f3 que la instrucci\u00f3n del Mandatario, Mariano Gonz\u00e1lez Zarur, es incrementar la cobertura de servicios de especialidad, lo cual se logra a trav\u00e9s de un trabajo m\u00e1s eficiente.<\/p>\n<p>El funcionario hizo hincapi\u00e9 en que gracias al adecuado equipamiento y capacitaci\u00f3n del personal que labora en esta instituci\u00f3n fue posible hacer m\u00e1s eficiente la\u00a0 atenci\u00f3n en beneficio de los tlaxcaltecas y que, por tanto, no tengan la necesidad de trasladarse fuera de la entidad para practicarse estudios de especialidad.<\/p>\n<p>Asimismo, detall\u00f3 que el a\u00f1o pasado los servicios m\u00e1s demandados por la ciudadan\u00eda fueron los de microbiolog\u00eda, pues en esta \u00e1rea se atendieron a 33 mil 164 pacientes, seguido del \u00e1rea de imagen, en la que se ofrecieron 16 mil 315 consultas y, finalmente, el servicio del m\u00f3dulo de la mujeres en el que se brind\u00f3 atenci\u00f3n a cuatro mil 373 personas.<\/p>\n<p>Por otra parte, Espinosa Molina destac\u00f3 que por instrucciones del Gobernador, el Itaes imparti\u00f3 de manera constante capacitaci\u00f3n a sus m\u00e9dicos, lo que les permite estar mejor preparados y, a su vez, dar un servicio de calidad a todos los tlaxcaltecas.<\/p>\n<p>Algunas de las capacitaciones otorgadas durante 2015 fueron: \u201cClasificaci\u00f3n e identificaci\u00f3n de Residuos Peligrosos Biol\u00f3gico-Infecciosos\u201d, la campa\u00f1a estatal de resonancia magn\u00e9tica de \u201cC\u00e1ncer de pr\u00f3stata\u201d, el curso \u201cSentido de vida\u201d, mientras que este a\u00f1o tuvo lugar el \u201cDiplomado de Ultrasonido\u201d.<\/p>\n<p>El funcionario tambi\u00e9n se\u00f1al\u00f3 que gracias a los convenios realizados con diversas instituciones, como son los Institutos Mexicano del Seguro Social (Imss) y de Seguridad y Servicios Sociales de los Trabajadores del Estado (Issste), as\u00ed como con los municipios de Chiautempan, Apizaco, Tepetitla, entre otros, permiten que la ciudadan\u00eda tenga acceso a descuentos en los servicios del Itaes, con lo que se apoya a la econom\u00eda familiar.<\/p>\n<p>Acciones a las que se suma la firma de convenio con Radio Calpulalpan para la difusi\u00f3n de los servicios que brinda el Itaes y que con ello cada vez m\u00e1s tlaxcaltecas tengan acceso a ellos.<\/p>\n<p>Finalmente, el director del Itaes exhort\u00f3 a la ciudadan\u00eda a realizarse estudios de forma anual, con el objetivo de fomentar una cultura de prevenci\u00f3n a la salud, pues asegur\u00f3 que al tratar las enfermedades de manera oportuna se evita que causen mayores afectaciones.<\/p>\n<p>Los interesados en las especialidades que ofrece el Itaes pueden solicitar una cita\u00a0 a trav\u00e9s de\u00a0\u00a0 los n\u00fameros telef\u00f3nicos 01\u00a0 (246) 45 8 20 22 y 45 8 20 54 en la extensi\u00f3n 709.<\/p>\n","protected":false},"excerpt":{"rendered":"<p>El Gobierno del Estado trabaja constantemente en la mejora de los servicios m\u00e9dicos en beneficio de la poblaci\u00f3n, como resultado de esta estrategia el Instituto Tlaxcalteca de Asistencia Especializada a la Salud (Itaes) increment\u00f3 el n\u00famero de pacientes atendidos el a\u00f1o pasado, al registrar un total de 53 mil 852; es decir, cinco mil 828 m\u00e1s que en 2014.<br \/>\nAl respecto, el director del Itaes, V\u00edctor Juli\u00e1n Espinosa Molina, enfatiz\u00f3 que la instrucci\u00f3n del Mandatario, Mariano Gonz\u00e1lez Zarur, es incrementar la cobertura de servicios de especialidad, lo cual se logra a trav\u00e9s de un trabajo m\u00e1s eficiente.<\/p>\n","protected":false},"author":2,"featured_media":36463,"comment_status":"open","ping_status":"open","sticky":false,"template":"","format":"standard","meta":{"footnotes":""},"categories":[4],"tags":[],"class_list":["post-42314","post","type-post","status-publish","format-standard","has-post-thumbnail","hentry","category-local"],"_links":{"self":[{"href":"https:\/\/www.contextosdigital.com\/index.php?rest_route=\/wp\/v2\/posts\/42314","targetHints":{"allow":["GET"]}}],"collection":[{"href":"https:\/\/www.contextosdigital.com\/index.php?rest_route=\/wp\/v2\/posts"}],"about":[{"href":"https:\/\/www.contextosdigital.com\/index.php?rest_route=\/wp\/v2\/types\/post"}],"author":[{"embeddable":true,"href":"https:\/\/www.contextosdigital.com\/index.php?rest_route=\/wp\/v2\/users\/2"}],"replies":[{"embeddable":true,"href":"https:\/\/www.contextosdigital.com\/index.php?rest_route=%2Fwp%2Fv2%2Fcomments&post=42314"}],"version-history":[{"count":1,"href":"https:\/\/www.contextosdigital.com\/index.php?rest_route=\/wp\/v2\/posts\/42314\/revisions"}],"predecessor-version":[{"id":42315,"href":"https:\/\/www.contextosdigital.com\/index.php?rest_route=\/wp\/v2\/posts\/42314\/revisions\/42315"}],"wp:featuredmedia":[{"embeddable":true,"href":"https:\/\/www.contextosdigital.com\/index.php?rest_route=\/wp\/v2\/media\/36463"}],"wp:attachment":[{"href":"https:\/\/www.contextosdigital.com\/index.php?rest_route=%2Fwp%2Fv2%2Fmedia&parent=42314"}],"wp:term":[{"taxonomy":"category","embeddable":true,"href":"https:\/\/www.contextosdigital.com\/index.php?rest_route=%2Fwp%2Fv2%2Fcategories&post=42314"},{"taxonomy":"post_tag","embeddable":true,"href":"https:\/\/www.contextosdigital.com\/index.php?rest_route=%2Fwp%2Fv2%2Ftags&post=42314"}],"curies":[{"name":"wp","href":"https:\/\/api.w.org\/{rel}","templated":true}]}}