{"id":42304,"date":"2016-02-19T10:05:34","date_gmt":"2016-02-19T15:05:34","guid":{"rendered":"http:\/\/www.contextosdigital.com\/?p=42304"},"modified":"2016-02-19T10:05:34","modified_gmt":"2016-02-19T15:05:34","slug":"gradua-uat-especialistas-en-endodoncia","status":"publish","type":"post","link":"https:\/\/www.contextosdigital.com\/?p=42304","title":{"rendered":"Grad\u00faa UAT especialistas en Endodoncia"},"content":{"rendered":"<p>El Mtro. Adolfo Cuevas S\u00e1nchez, Coordinador de la Divisi\u00f3n de Ciencias Biol\u00f3gicas, en representaci\u00f3n del Mtro. Rub\u00e9n Reyes C\u00f3rdoba, Rector de la Universidad Aut\u00f3noma de Tlaxcala (UAT), presidi\u00f3 la ceremonia de graduaci\u00f3n de la XII Generaci\u00f3n de la Especialidad en Endodoncia, que se imparte en la Facultad de Odontolog\u00eda de esta Casa de Estudios.<\/p>\n<p>Al dirigirse a los asistentes al evento, el Mtro. Adolfo Cuevas S\u00e1nchez se\u00f1al\u00f3 que la Aut\u00f3noma de Tlaxcala ha implementado un programa de trabajo para que sus posgrados tengan la posibilidad de participar en convocatorias y procesos que eval\u00faen su calidad.<\/p>\n<p>Indic\u00f3 que derivado de estas acciones, en el a\u00f1o 2015, la UAT obtuvo el reconocimiento de cuatro programas educativos dentro del Programa Nacional de Posgrados de Calidad (PNPC), perteneciente al Consejo Nacional de Ciencia y Tecnolog\u00eda (CONACYT), los cuales, sumados a los tres incorporados con anterioridad, completan un total de siete.<\/p>\n<p>El Mtro. Cuevas S\u00e1nchez resalt\u00f3 el compromiso que la Facultad de Odontolog\u00eda mantiene con los altos par\u00e1metros formativos, muestra de ello es el prestigio acad\u00e9mico a nivel nacional e internacional con el que cuenta la Especialidad en Endodoncia.<\/p>\n<p>Exhort\u00f3 a los egresados a actuar con \u00e9tica y compromiso en el ejercicio de su labor profesional y a continuar super\u00e1ndose, ya que la Odontolog\u00eda es una disciplina que d\u00eda a d\u00eda se actualiza y genera nuevos conocimientos, as\u00ed como t\u00e9cnicas en su manejo.<\/p>\n<p>Por su parte, el Dr. H\u00e9ctor Eduardo V\u00e1zquez Fern\u00e1ndez, Secretario la de Facultad, coment\u00f3 que es motivo de orgullo presidir una ceremonia de graduaci\u00f3n de la Especialidad en Endodoncia, puesto que es una de las m\u00e1s prestigiadas a nivel nacional e internacional, y se ha constituido en un referente para la formaci\u00f3n de profesionistas altamente calificados dedicados a esta tarea.<\/p>\n<p>Pidi\u00f3 a los egresados mantener el v\u00ednculo con su Facultad y con su alma mater, as\u00ed como realizar acciones en su campo laboral que coloquen en alto el nombre de la Universidad Aut\u00f3noma de Tlaxcala.<\/p>\n<p>En su intervenci\u00f3n, el Dr. Armando Lara Rosano, Coordinador de la Especialidad, refiri\u00f3 que este posgrado se ha significado por cubrir aspectos que demuestran su calidad, tales como: mantener al 100% los \u00edndices de retenci\u00f3n de estudiantes; contar con una tasa de titulaci\u00f3n del 98%; la aprobaci\u00f3n del examen de conocimientos por parte de los graduados para obtener la certificaci\u00f3n del Consejo Mexicano de Endodoncia, A.C.; y realizar un registro puntual de sus egresados.<\/p>\n<p>Reconoci\u00f3 las acciones ejecutadas por la Dra. Elvia Ortiz Ortiz durante su gesti\u00f3n directiva al frente de la Facultad de Odontolog\u00eda, demostrando con ello su compromiso de trabajo en beneficio de toda su comunidad.<\/p>\n<p>A nombre de los egresados, Mayra Armas Cervantes, agradeci\u00f3 el respaldo recibido durante su estancia en la Universidad Aut\u00f3noma de Tlaxcala para la realizaci\u00f3n de su formaci\u00f3n, y reiter\u00f3 que a partir de este momento, como profesionistas de la m\u00e1xima Casa de Estudios, deben desarrollar sus actividades con altura de miras y aplicando los valores, las competencias y conocimientos aprendidos.<\/p>\n<p>Para concluir el acto protocolario, las autoridades universitarias entregaron las constancias respectivas a los graduandos, quienes provinieron de estados como: Nuevo Le\u00f3n, Veracruz, Guerrero, Estado de M\u00e9xico, Baja California y Tlaxcala.<\/p>\n","protected":false},"excerpt":{"rendered":"<p>El Mtro. Adolfo Cuevas S\u00e1nchez, Coordinador de la Divisi\u00f3n de Ciencias Biol\u00f3gicas, en representaci\u00f3n del Mtro. Rub\u00e9n Reyes C\u00f3rdoba, Rector de la Universidad Aut\u00f3noma de Tlaxcala (UAT), presidi\u00f3 la ceremonia de graduaci\u00f3n de la XII Generaci\u00f3n de la Especialidad en Endodoncia, que se imparte en la Facultad de Odontolog\u00eda de esta Casa de Estudios.<br \/>\n Al dirigirse a los asistentes al evento, el Mtro. Adolfo Cuevas S\u00e1nchez se\u00f1al\u00f3 que la Aut\u00f3noma de Tlaxcala ha implementado un programa de trabajo para que sus posgrados tengan la posibilidad de participar en convocatorias y procesos que eval\u00faen su calidad.<br \/>\n Indic\u00f3 que derivado de estas acciones, en el a\u00f1o 2015, la UAT obtuvo el reconocimiento de cuatro programas educativos dentro del Programa Nacional de Posgrados de Calidad (PNPC), perteneciente al Consejo Nacional de Ciencia y Tecnolog\u00eda (CONACYT), los cuales, sumados a los tres incorporados con anterioridad, completan un total de siete.<\/p>\n","protected":false},"author":2,"featured_media":42305,"comment_status":"open","ping_status":"open","sticky":false,"template":"","format":"standard","meta":{"footnotes":""},"categories":[4],"tags":[],"class_list":["post-42304","post","type-post","status-publish","format-standard","has-post-thumbnail","hentry","category-local"],"_links":{"self":[{"href":"https:\/\/www.contextosdigital.com\/index.php?rest_route=\/wp\/v2\/posts\/42304","targetHints":{"allow":["GET"]}}],"collection":[{"href":"https:\/\/www.contextosdigital.com\/index.php?rest_route=\/wp\/v2\/posts"}],"about":[{"href":"https:\/\/www.contextosdigital.com\/index.php?rest_route=\/wp\/v2\/types\/post"}],"author":[{"embeddable":true,"href":"https:\/\/www.contextosdigital.com\/index.php?rest_route=\/wp\/v2\/users\/2"}],"replies":[{"embeddable":true,"href":"https:\/\/www.contextosdigital.com\/index.php?rest_route=%2Fwp%2Fv2%2Fcomments&post=42304"}],"version-history":[{"count":1,"href":"https:\/\/www.contextosdigital.com\/index.php?rest_route=\/wp\/v2\/posts\/42304\/revisions"}],"predecessor-version":[{"id":42306,"href":"https:\/\/www.contextosdigital.com\/index.php?rest_route=\/wp\/v2\/posts\/42304\/revisions\/42306"}],"wp:featuredmedia":[{"embeddable":true,"href":"https:\/\/www.contextosdigital.com\/index.php?rest_route=\/wp\/v2\/media\/42305"}],"wp:attachment":[{"href":"https:\/\/www.contextosdigital.com\/index.php?rest_route=%2Fwp%2Fv2%2Fmedia&parent=42304"}],"wp:term":[{"taxonomy":"category","embeddable":true,"href":"https:\/\/www.contextosdigital.com\/index.php?rest_route=%2Fwp%2Fv2%2Fcategories&post=42304"},{"taxonomy":"post_tag","embeddable":true,"href":"https:\/\/www.contextosdigital.com\/index.php?rest_route=%2Fwp%2Fv2%2Ftags&post=42304"}],"curies":[{"name":"wp","href":"https:\/\/api.w.org\/{rel}","templated":true}]}}