{"id":42298,"date":"2016-02-19T10:03:16","date_gmt":"2016-02-19T15:03:16","guid":{"rendered":"http:\/\/www.contextosdigital.com\/?p=42298"},"modified":"2016-02-19T10:03:16","modified_gmt":"2016-02-19T15:03:16","slug":"presenta-setyde-reglas-de-operacion-del-fondo-nacional-emprendedor-2016","status":"publish","type":"post","link":"https:\/\/www.contextosdigital.com\/?p=42298","title":{"rendered":"Presenta SETYDE reglas de operaci\u00f3n del Fondo Nacional Emprendedor 2016"},"content":{"rendered":"<p>Con el objetivo de incrementar la productividad en las Micro, Peque\u00f1as y Medianas Empresas (Mipymes), la Secretar\u00eda de Turismo y Desarrollo Econ\u00f3mico (Setyde), en coordinaci\u00f3n con el Instituto Nacional del Emprendedor (Inadem), presentaron este jueves las reglas de operaci\u00f3n del Fondo Nacional Emprendedor 2016.<\/p>\n<p>Al encabezar este evento en las instalaciones de la Setyde, la secretaria Kathya Torres V\u00e1zquez, destac\u00f3 que el Inadem es un aliado estrat\u00e9gico para apoyar a todos los tlaxcaltecas, pues desde el inicio del sexenio de Mariano Gonz\u00e1lez Zarur, este organismo ha trabajado conjuntamente con la administraci\u00f3n estatal en el fortalecimiento de la peque\u00f1a y mediana industria al dotarles de capacitaci\u00f3n y cr\u00e9ditos para el repunte de sus negocios.<\/p>\n<p>Asimismo, la funcionaria detall\u00f3 que el principal compromiso del Gobernador es trabajar de la mano con la administraci\u00f3n federal, a fin de garantizar a los tlaxcaltecas oportunidades para fortalecer su calidad y nivel de vida.<\/p>\n<p>Por otra parte, Torres V\u00e1zquez abund\u00f3 que resultado del respaldo del Inadem, a trav\u00e9s del Fondo Nacional Emprendedor, el a\u00f1o pasado se beneficiaron dos mil Mipymes, lo que permiti\u00f3 la conservaci\u00f3n de cinco mil 300 empleos en la entidad.<\/p>\n<p>En su intervenci\u00f3n, Jos\u00e9 Espinoza Gir\u00f3n, director de Emprendimiento Social Sustentable del Inadem, resalt\u00f3 que este a\u00f1o las peque\u00f1as y medianas empresas de la entidad, al igual que instituciones educativas, centros de investigaci\u00f3n, gobiernos municipales podr\u00e1n acceder a 19 programas.<\/p>\n<p>De tal forma que tales apoyos se integran las categor\u00edas: \u201cProgramas de Sectores Estrat\u00e9gicos y Desarrollo Regional\u201d, \u201cDesarrollo Empresarial\u201d, \u201cEmprendedores y Financiamiento para Mipymes\u201d y \u201cApoyo para la Incorporaci\u00f3n de Tecnolog\u00edas de la Informaci\u00f3n y Telecomunicaciones\u201d.<\/p>\n<p>Para mayor informaci\u00f3n, los interesados pueden consultar detalles en la p\u00e1gina de sistemaemprendedor.gob.mx, donde podr\u00e1n seleccionar la convocatoria de su inter\u00e9s.<\/p>\n<p>Y para complementar su registro a este fondo, los aspirantes deber\u00e1n\u00a0 presentar documentaci\u00f3n de proyecto, ingresar solicitud de apoyo\u00a0 para ser calificado por un grupo de evaluadores expertos, lo que dar\u00e1 respuesta al proyecto seg\u00fan la calificaci\u00f3n obtenida.<\/p>\n<p>Cabe mencionar que en el evento estuvieron presentes el delegado de la Secretar\u00eda de Econom\u00eda, Daniel Corona Moctezuma, as\u00ed como el director de Programas de acceso a capital y mercado de ventas del Inadem, Juan Pedro Jaime Flores.<\/p>\n","protected":false},"excerpt":{"rendered":"<p>Con el objetivo de incrementar la productividad en las Micro, Peque\u00f1as y Medianas Empresas (Mipymes), la Secretar\u00eda de Turismo y Desarrollo Econ\u00f3mico (Setyde), en coordinaci\u00f3n con el Instituto Nacional del Emprendedor (Inadem), presentaron este jueves las reglas de operaci\u00f3n del Fondo Nacional Emprendedor 2016.<br \/>\nAl encabezar este evento en las instalaciones de la Setyde, la secretaria Kathya Torres V\u00e1zquez, destac\u00f3 que el Inadem es un aliado estrat\u00e9gico para apoyar a todos los tlaxcaltecas, pues desde el inicio del sexenio de Mariano Gonz\u00e1lez Zarur, este organismo ha trabajado conjuntamente con la administraci\u00f3n estatal en el fortalecimiento de la peque\u00f1a y mediana industria al dotarles de capacitaci\u00f3n y cr\u00e9ditos para el repunte de sus negocios.<br \/>\nAsimismo, la funcionaria detall\u00f3 que el principal compromiso del Gobernador es trabajar de la mano con la administraci\u00f3n federal, a fin de garantizar a los tlaxcaltecas oportunidades para fortalecer su calidad y nivel de vida.<\/p>\n","protected":false},"author":2,"featured_media":42299,"comment_status":"open","ping_status":"open","sticky":false,"template":"","format":"standard","meta":{"footnotes":""},"categories":[4],"tags":[],"class_list":["post-42298","post","type-post","status-publish","format-standard","has-post-thumbnail","hentry","category-local"],"_links":{"self":[{"href":"https:\/\/www.contextosdigital.com\/index.php?rest_route=\/wp\/v2\/posts\/42298","targetHints":{"allow":["GET"]}}],"collection":[{"href":"https:\/\/www.contextosdigital.com\/index.php?rest_route=\/wp\/v2\/posts"}],"about":[{"href":"https:\/\/www.contextosdigital.com\/index.php?rest_route=\/wp\/v2\/types\/post"}],"author":[{"embeddable":true,"href":"https:\/\/www.contextosdigital.com\/index.php?rest_route=\/wp\/v2\/users\/2"}],"replies":[{"embeddable":true,"href":"https:\/\/www.contextosdigital.com\/index.php?rest_route=%2Fwp%2Fv2%2Fcomments&post=42298"}],"version-history":[{"count":1,"href":"https:\/\/www.contextosdigital.com\/index.php?rest_route=\/wp\/v2\/posts\/42298\/revisions"}],"predecessor-version":[{"id":42300,"href":"https:\/\/www.contextosdigital.com\/index.php?rest_route=\/wp\/v2\/posts\/42298\/revisions\/42300"}],"wp:featuredmedia":[{"embeddable":true,"href":"https:\/\/www.contextosdigital.com\/index.php?rest_route=\/wp\/v2\/media\/42299"}],"wp:attachment":[{"href":"https:\/\/www.contextosdigital.com\/index.php?rest_route=%2Fwp%2Fv2%2Fmedia&parent=42298"}],"wp:term":[{"taxonomy":"category","embeddable":true,"href":"https:\/\/www.contextosdigital.com\/index.php?rest_route=%2Fwp%2Fv2%2Fcategories&post=42298"},{"taxonomy":"post_tag","embeddable":true,"href":"https:\/\/www.contextosdigital.com\/index.php?rest_route=%2Fwp%2Fv2%2Ftags&post=42298"}],"curies":[{"name":"wp","href":"https:\/\/api.w.org\/{rel}","templated":true}]}}