{"id":42295,"date":"2016-02-19T10:01:15","date_gmt":"2016-02-19T15:01:15","guid":{"rendered":"http:\/\/www.contextosdigital.com\/?p=42295"},"modified":"2016-02-19T10:01:15","modified_gmt":"2016-02-19T15:01:15","slug":"en-chiautempan-inauguraran-muestra-fotografica-la-tarde-de-este-viernes","status":"publish","type":"post","link":"https:\/\/www.contextosdigital.com\/?p=42295","title":{"rendered":"En Chiautempan inaugurar\u00e1n muestra fotogr\u00e1fica la tarde de este viernes."},"content":{"rendered":"<p>Como parte de las actividades que realiza el Ayuntamiento de Chiautempan, encabezado por el alcalde Antonio Mendoza Romero, a trav\u00e9s de la direcci\u00f3n de Cultura, educaci\u00f3n y turismo, la tarde de este viernes a las 17:00 Hrs. se llevar\u00e1 a cabo la inauguraci\u00f3n de la exposici\u00f3n fotogr\u00e1fica \u00abLa dama y la actuaci\u00f3n\u00bb del retratista Ren\u00e9 Mart\u00ednez Ram\u00edrez.<\/p>\n<p>As\u00ed lo dio a conocer Adriana Rodr\u00edguez Mu\u00f1oz, directora del \u00e1rea de cultura municipal, quien agreg\u00f3 que dicha exposici\u00f3n permanecer\u00e1 abierta en la \u00abGaler\u00eda Toci\u00bb que se encuentra en las instalaciones de la presidencia municipal, desde este 19 de febrero, hasta el pr\u00f3ximo 19 de marzo, de lunes a viernes en un horario de 10:00 Hrs. a 17:00 Hrs.<\/p>\n<p>Por otro lado, Ren\u00e9 Mart\u00ednez Ram\u00edrez, coment\u00f3 que esta es la tercera vez que expondr\u00e1 en el municipio, ya que tambi\u00e9n se encuentra celebrando los 22 a\u00f1os de su trayectoria como fot\u00f3grafo, y abund\u00f3 que en esta ocasi\u00f3n se podr\u00e1n apreciar 80 piezas fotogr\u00e1ficas obtenidas en un formato de 35 mm. que retratan a personalidades como Andrea Noli, Sabine Moussier e Ignacio L\u00f3pez Tarso por mencionar algunos. Por lo que hizo extensiva la invitaci\u00f3n al p\u00fablico en general para acudir esta tarde ya que tambi\u00e9n se contar\u00e1 con la presencia del reconocido tejedor Juan de la Cruz S\u00e1nchez y el actor Mino D&#8217;Blanc como padrinos especiales del corte de list\u00f3n.<\/p>\n","protected":false},"excerpt":{"rendered":"<p>Como parte de las actividades que realiza el Ayuntamiento de Chiautempan, encabezado por el alcalde Antonio Mendoza Romero, a trav\u00e9s de la direcci\u00f3n de Cultura, educaci\u00f3n y turismo, la tarde de este viernes a las 17:00 Hrs. se llevar\u00e1 a cabo la inauguraci\u00f3n de la exposici\u00f3n fotogr\u00e1fica \u00abLa dama y la actuaci\u00f3n\u00bb del retratista Ren\u00e9 Mart\u00ednez Ram\u00edrez.<br \/>\nAs\u00ed lo dio a conocer Adriana Rodr\u00edguez Mu\u00f1oz, directora del \u00e1rea de cultura municipal, quien agreg\u00f3 que dicha exposici\u00f3n permanecer\u00e1 abierta en la \u00abGaler\u00eda Toci\u00bb que se encuentra en las instalaciones de la presidencia municipal, desde este 19 de febrero, hasta el pr\u00f3ximo 19 de marzo, de lunes a viernes en un horario de 10:00 Hrs. a 17:00 Hrs.<br \/>\nPor otro lado, Ren\u00e9 Mart\u00ednez Ram\u00edrez, coment\u00f3 que esta es la tercera vez que expondr\u00e1 en el municipio, ya que tambi\u00e9n se encuentra celebrando los 22 a\u00f1os de su trayectoria como fot\u00f3grafo<\/p>\n","protected":false},"author":2,"featured_media":42296,"comment_status":"open","ping_status":"open","sticky":false,"template":"","format":"standard","meta":{"footnotes":""},"categories":[4],"tags":[],"class_list":["post-42295","post","type-post","status-publish","format-standard","has-post-thumbnail","hentry","category-local"],"_links":{"self":[{"href":"https:\/\/www.contextosdigital.com\/index.php?rest_route=\/wp\/v2\/posts\/42295","targetHints":{"allow":["GET"]}}],"collection":[{"href":"https:\/\/www.contextosdigital.com\/index.php?rest_route=\/wp\/v2\/posts"}],"about":[{"href":"https:\/\/www.contextosdigital.com\/index.php?rest_route=\/wp\/v2\/types\/post"}],"author":[{"embeddable":true,"href":"https:\/\/www.contextosdigital.com\/index.php?rest_route=\/wp\/v2\/users\/2"}],"replies":[{"embeddable":true,"href":"https:\/\/www.contextosdigital.com\/index.php?rest_route=%2Fwp%2Fv2%2Fcomments&post=42295"}],"version-history":[{"count":1,"href":"https:\/\/www.contextosdigital.com\/index.php?rest_route=\/wp\/v2\/posts\/42295\/revisions"}],"predecessor-version":[{"id":42297,"href":"https:\/\/www.contextosdigital.com\/index.php?rest_route=\/wp\/v2\/posts\/42295\/revisions\/42297"}],"wp:featuredmedia":[{"embeddable":true,"href":"https:\/\/www.contextosdigital.com\/index.php?rest_route=\/wp\/v2\/media\/42296"}],"wp:attachment":[{"href":"https:\/\/www.contextosdigital.com\/index.php?rest_route=%2Fwp%2Fv2%2Fmedia&parent=42295"}],"wp:term":[{"taxonomy":"category","embeddable":true,"href":"https:\/\/www.contextosdigital.com\/index.php?rest_route=%2Fwp%2Fv2%2Fcategories&post=42295"},{"taxonomy":"post_tag","embeddable":true,"href":"https:\/\/www.contextosdigital.com\/index.php?rest_route=%2Fwp%2Fv2%2Ftags&post=42295"}],"curies":[{"name":"wp","href":"https:\/\/api.w.org\/{rel}","templated":true}]}}