{"id":42292,"date":"2016-02-19T09:57:10","date_gmt":"2016-02-19T14:57:10","guid":{"rendered":"http:\/\/www.contextosdigital.com\/?p=42292"},"modified":"2016-02-19T09:57:10","modified_gmt":"2016-02-19T14:57:10","slug":"aqui-xicohtencatlla-moneda-esta-en-el-aire","status":"publish","type":"post","link":"https:\/\/www.contextosdigital.com\/?p=42292","title":{"rendered":"Aqu\u00ed Xicoht\u00e9ncatl\u2026LA MONEDA EST\u00c1 EN EL AIRE"},"content":{"rendered":"<p>Por Pedro Morales<\/p>\n<p>&nbsp;<\/p>\n<p>Concluidas las precampa\u00f1as y los tiempos para las coaliciones y alianzas, Tlaxcala se enfila con rumbo definido a las elecciones del cinco de junio, que se acelera con el registro oficial de los candidatos a gobernador, diputados locales, alcaldes y presidentes de comunidad.<\/p>\n<p>ALIANZAS<\/p>\n<p>Una alianza entre PRI-PVEM, PANAL y PS denominada \u201cMega Alianza\u201d encendi\u00f3 las luces rojas y a partir de ese momento otros partidos quisieron imitarlos.<\/p>\n<p>En este escenario, y en tanto no llega el registro oficial, los virtuales abanderados proceden a la \u201cOperaci\u00f3n Cicatriz\u201d, para tratar de convencer a los que dejaron en el camino para que se sumen al \u201dproyecto\u201d y no les pongan piedras en el camino.<\/p>\n<p>Por otra parte, la influencia de Rafael Moreno Valle, gobernador de Puebla, en la elecci\u00f3n quiso abrir la puerta a una alianza PAN-PRD; que, sin embargo, no fue bien vista por el panismo tlaxcalteca.<\/p>\n<p>Finalmente dicha alianza no prosper\u00f3 y en Tlaxcala a\u00fan se espera la renuncia que prometi\u00f3 Agust\u00edn Basave Ben\u00edtez, el l\u00edder nacional el PRD, situaci\u00f3n que deja mal parado y en el peor momento a su partido.<\/p>\n<p>&nbsp;<\/p>\n<p>MARCO MENA EN EL PRI<\/p>\n<p>El PRI, finalmente, se inclin\u00f3 por marco Antonio Mena Rodr\u00edguez, ex diputado local, quien en todo momento pregona los logros del sexenio que agoniza y no se ve un mensaje claro que llegue a levantar durante la campa\u00f1a que se avecina.<\/p>\n<p>Dej\u00f3 sembrados en el camino a No\u00e9 Rodr\u00edguez Rold\u00e1n, Anabel \u00c1valos Zempalteca, Anabel Alvarado, Guadalupe S\u00e1nchez Santiago, a Ricardo Garc\u00eda portilla y se dice que tambi\u00e9n a Rosalinda Hern\u00e1ndez Mu\u00f1oz.<\/p>\n<p>&nbsp;<\/p>\n<p>LORENA CU\u00c9LLAR EN ELPRD<\/p>\n<p>El perredismo tlaxcalteca \u2013otrora fuerza hegem\u00f3nica en la entidad\u2013 ha cerrado filas en torno a la senadora Lorena Cu\u00e9llar Cisneros, nieta del exgobernador Joaqu\u00edn Cisneros Molina.<\/p>\n<p>El 12 de julio, ocho tribus perredistas se reunieron bajo el membrete de Fuerzas Unidas y destaparon a Cu\u00e9llar como la candidata que buscar\u00e1 devolver al Sol Azteca el gobierno de Tlaxcala y fue ratificada entre delegados..<\/p>\n<p>&nbsp;<\/p>\n<p>ADRIANA D\u00c1VILA EN EL PAN<\/p>\n<p>Mientras que en el PAN, la senadora Adriana D\u00e1vila logr\u00f3 la candidatura de unidad tras doblar en sus aspiraciones a Adolfo escobar y Alejandro Aguilar, porque, como suele decirse, en Tlaxcala \u201cla caballada panista est\u00e1 \u201c y D\u00e1vila es la \u00fanica figura pol\u00edtica con presencia suficiente para competir por la gubernatura.<\/p>\n<p>Adriana D\u00e1vila ha ocupado diversos cargos en la administraci\u00f3n local tlaxcalteca.\u00a0 En 2006, coordin\u00f3 la campa\u00f1a estatal de Felipe Calder\u00f3n y, desde entonces, es conocida por su cercan\u00eda al casi extinto grupo pol\u00edtico del expresidente. Tras su destape, D\u00e1vila sum\u00f3 el apoyo de Margarita Zavala, quien dijo apoyar a la tlaxcalteca. Es\u00a0 la segunda vez que D\u00e1vila busca el cargo.<\/p>\n<p>&nbsp;<\/p>\n<p>SERAF\u00cdN ORTIZ EN EL PAC<\/p>\n<p>La actividad desplegada durante la b\u00fasqueda de la candidatura por el acad\u00e9mico Seraf\u00edn Ortiz Ortiz, quien hasta el cierre de las precampa\u00f1as fue el \u00fanico aspirante que enarbol\u00f3 un mensaje pol\u00edtico diferente y de propuestas.<\/p>\n<p>Ortiz Ortiz anunci\u00f3 su separaci\u00f3n definitiva del cargo en la LXI Legislatura, acci\u00f3n que le acarreo nuevos simpatizantes que a estas alturas ya no quieren promesas, sino congruencia entre el decir y hacer.<\/p>\n<p>&nbsp;<\/p>\n<p>MARTHA PALAFOX EN MORENA<\/p>\n<p>Tlaxcala es uno de los pocos estados donde se dice que Morena tiene oportunidad de ganar la gubernatura\u00a0 y, para ello, la opci\u00f3n m\u00e1s viable es la senadora\u00a0 con reciente licencia, Martha Palafox Guti\u00e9rrez, seg\u00fan dice Andr\u00e9s Manuel L\u00f3pez Obrador.<\/p>\n<p>En 2012, Palafox \u2013entonces, militante del PT\u2013 fue compa\u00f1era de f\u00f3rmula de la perredista Lorena Cu\u00e9llar y, dada la alta votaci\u00f3n a favor de la izquierda, ambas obtuvieron un esca\u00f1o.<\/p>\n<p>&nbsp;<\/p>\n<p>LA CHIQUILLADA<\/p>\n<p>Y se suman Alfredo Algredo Jaramillo por el sur del estado y los sin partido Jacob Hern\u00e1ndez Corona, el empresario Jorge Moreno Dur\u00e1n y el profesor Jacob Hern\u00e1ndez Corona, qui\u00f1es van a medir sus fuerzas en esta elecci\u00f3n.<\/p>\n<p>&nbsp;<\/p>\n<p>Cabe destacar que es la primera vez que en Tlaxcala se suman las candidaturas ciudadanas, aunque est\u00e1n acotadas al no poder realizar precampa\u00f1as y de esta manera solo hay que esperar el registro oficial de las candidaturas para dar inicio a la recta final de este proceso electoral del 2016, aunque queda claro que ahora si en Tlaxcala los institutos pol\u00edticos est\u00e1n de verdad\u2026 PARTIDOS<\/p>\n","protected":false},"excerpt":{"rendered":"<p>Por Pedro Morales<\/p>\n<p>Concluidas las precampa\u00f1as y los tiempos para las coaliciones y alianzas, Tlaxcala se enfila con rumbo definido a las elecciones del cinco de junio, que se acelera con el registro oficial de los candidatos a gobernador, diputados locales, alcaldes y presidentes de comunidad.<br \/>\n ALIANZAS<br \/>\n Una alianza entre PRI-PVEM, PANAL y PS denominada \u201cMega Alianza\u201d encendi\u00f3 las luces rojas y a partir de ese momento otros partidos quisieron imitarlos.<br \/>\n En este escenario, y en tanto no llega el registro oficial, los virtuales abanderados proceden a la \u201cOperaci\u00f3n Cicatriz\u201d, para tratar de convencer a los que dejaron en el camino para que se sumen al \u201dproyecto\u201d y no les pongan piedras en el camino.<br \/>\n Por otra parte, la influencia de Rafael Moreno Valle, gobernador de Puebla, en la elecci\u00f3n quiso abrir la puerta a una alianza PAN-PRD; que, sin embargo, no fue bien vista por el panismo tlaxcalteca.<\/p>\n","protected":false},"author":2,"featured_media":42293,"comment_status":"open","ping_status":"open","sticky":false,"template":"","format":"standard","meta":{"footnotes":""},"categories":[4],"tags":[],"class_list":["post-42292","post","type-post","status-publish","format-standard","has-post-thumbnail","hentry","category-local"],"_links":{"self":[{"href":"https:\/\/www.contextosdigital.com\/index.php?rest_route=\/wp\/v2\/posts\/42292","targetHints":{"allow":["GET"]}}],"collection":[{"href":"https:\/\/www.contextosdigital.com\/index.php?rest_route=\/wp\/v2\/posts"}],"about":[{"href":"https:\/\/www.contextosdigital.com\/index.php?rest_route=\/wp\/v2\/types\/post"}],"author":[{"embeddable":true,"href":"https:\/\/www.contextosdigital.com\/index.php?rest_route=\/wp\/v2\/users\/2"}],"replies":[{"embeddable":true,"href":"https:\/\/www.contextosdigital.com\/index.php?rest_route=%2Fwp%2Fv2%2Fcomments&post=42292"}],"version-history":[{"count":1,"href":"https:\/\/www.contextosdigital.com\/index.php?rest_route=\/wp\/v2\/posts\/42292\/revisions"}],"predecessor-version":[{"id":42294,"href":"https:\/\/www.contextosdigital.com\/index.php?rest_route=\/wp\/v2\/posts\/42292\/revisions\/42294"}],"wp:featuredmedia":[{"embeddable":true,"href":"https:\/\/www.contextosdigital.com\/index.php?rest_route=\/wp\/v2\/media\/42293"}],"wp:attachment":[{"href":"https:\/\/www.contextosdigital.com\/index.php?rest_route=%2Fwp%2Fv2%2Fmedia&parent=42292"}],"wp:term":[{"taxonomy":"category","embeddable":true,"href":"https:\/\/www.contextosdigital.com\/index.php?rest_route=%2Fwp%2Fv2%2Fcategories&post=42292"},{"taxonomy":"post_tag","embeddable":true,"href":"https:\/\/www.contextosdigital.com\/index.php?rest_route=%2Fwp%2Fv2%2Ftags&post=42292"}],"curies":[{"name":"wp","href":"https:\/\/api.w.org\/{rel}","templated":true}]}}