{"id":42290,"date":"2016-02-19T09:55:40","date_gmt":"2016-02-19T14:55:40","guid":{"rendered":"http:\/\/www.contextosdigital.com\/?p=42290"},"modified":"2016-02-19T09:55:40","modified_gmt":"2016-02-19T14:55:40","slug":"difunde-sepe-concurso-memorias-de-el-viejo-y-la-mar","status":"publish","type":"post","link":"https:\/\/www.contextosdigital.com\/?p=42290","title":{"rendered":"Difunde SEPE Concurso \u201cMemorias de El Viejo y La Mar\u201d"},"content":{"rendered":"<p>En el marco de las actividades conmemorativas del 21 de abril de 1914, en la gesta Heroica Defensa del Puerto de Veracruz, la secretar\u00eda de Educaci\u00f3n P\u00fablica del Estado (SEPE) difunde la convocatoria a participar en el VIII Concurso Nacional Literario \u201cMemoras El Viejo y La Mar\u201d de la secretar\u00eda de Marina-Armada de M\u00e9xico a fin de que docentes y mayores de 65 a\u00f1os relaten sus experiencias, a\u00f1oranzas o an\u00e9cdotas relacionadas con el mar.<\/p>\n<p>La convocatoria se abri\u00f3 el 1 de febrero y se cierra el 15 de marzo, podr\u00e1n participar todas las personas mexicanas de nacimiento, a partir de los 65 a\u00f1os de edad que radiquen en territorio nacional, los interesados deber\u00e1n escribir un relato, experiencia, a\u00f1oranza o an\u00e9cdota relacionado con el mar, la obra deber\u00e1 ser original e in\u00e9dita, escrita a mano con letra legible, m\u00e1quina de escribir o en computadora, a doble espacio, con una extensi\u00f3n m\u00e1xima de 10 cuartillas y tres como m\u00ednimo.<\/p>\n<p>Los participantes deber\u00e1n ser aficionados (no profesionales) en el g\u00e9nero literario establecido, los concursantes podr\u00e1n participar con un solo retrato, firmado con su nombre completo, quienes se inscriban en la convocatoria deber\u00e1n evitar el plagio total o parcial de obras literarias publicadas en cualquier medio.<\/p>\n<p>Adjunto al trabajo deber\u00e1 incluir copia fotost\u00e1tica de su acta de nacimiento y la ficha de inscripci\u00f3n que encontrar\u00e1 anexa a la convocatoria del concurso, publicada en la p\u00e1gina; www.gob.mx\/semar donde los interesados podr\u00e1n consultar las bases y obtener mayor informaci\u00f3n del concurso.<\/p>\n<p>El relato impreso y la informaci\u00f3n requerida se podr\u00e1 enviar por mensajer\u00eda, servicio postal o entregar personalmente en un sobre cerrado en; la regi\u00f3n, zona o sector naval m\u00e1s cercano a su domicilio, no se recibir\u00e1 ning\u00fan trabajo v\u00eda correo electr\u00f3nico, no v\u00eda fax.<\/p>\n<p>La selecci\u00f3n de los trabajos ganadores estar\u00e1 a cargo de la secretar\u00eda de Cultura, quien integrar\u00e1 un Jurado Calificador especializado en las disciplinas literarias, cuyo fall\u00f3 es inapelable. Los trabajos se recibir\u00e1n hasta las 12:00 horas del 15 de marzo de 2016, por lo que no se tomar\u00e1 en cuenta la fecha impresa o el sello de la mensajer\u00eda comercial o Servicio Postal Mexicano.<\/p>\n<p>Los resultados se dar\u00e1n a conocer a trav\u00e9s de la p\u00e1gina de internet de la secretar\u00eda de Marina-Armada de M\u00e9xico: www.gob.mx\/semar el d\u00eda 21 de abril de 2016, fecha en la que se conmemora la Heroica defensa del Puerto de Veracruz, el Premio Nacional estar\u00e1 determinado por un primero, un segundo y un tercer lugar, de cada estado de la Rep\u00fablica y el Distrito Federal.<\/p>\n","protected":false},"excerpt":{"rendered":"<p>En el marco de las actividades conmemorativas del 21 de abril de 1914, en la gesta Heroica Defensa del Puerto de Veracruz, la secretar\u00eda de Educaci\u00f3n P\u00fablica del Estado (SEPE) difunde la convocatoria a participar en el VIII Concurso Nacional Literario \u201cMemoras El Viejo y La Mar\u201d de la secretar\u00eda de Marina-Armada de M\u00e9xico a fin de que docentes y mayores de 65 a\u00f1os relaten sus experiencias, a\u00f1oranzas o an\u00e9cdotas relacionadas con el mar.<br \/>\nLa convocatoria se abri\u00f3 el 1 de febrero y se cierra el 15 de marzo, podr\u00e1n participar todas las personas mexicanas de nacimiento, a partir de los 65 a\u00f1os de edad que radiquen en territorio nacional, los interesados deber\u00e1n escribir un relato, experiencia, a\u00f1oranza o an\u00e9cdota relacionado con el mar, la obra deber\u00e1 ser original e in\u00e9dita, escrita a mano con letra legible, m\u00e1quina de escribir o en computadora, a doble espacio, con una extensi\u00f3n m\u00e1xima de 10 cuartillas y tres como m\u00ednimo.<\/p>\n","protected":false},"author":2,"featured_media":0,"comment_status":"open","ping_status":"open","sticky":false,"template":"","format":"standard","meta":{"footnotes":""},"categories":[4],"tags":[],"class_list":["post-42290","post","type-post","status-publish","format-standard","hentry","category-local"],"_links":{"self":[{"href":"https:\/\/www.contextosdigital.com\/index.php?rest_route=\/wp\/v2\/posts\/42290","targetHints":{"allow":["GET"]}}],"collection":[{"href":"https:\/\/www.contextosdigital.com\/index.php?rest_route=\/wp\/v2\/posts"}],"about":[{"href":"https:\/\/www.contextosdigital.com\/index.php?rest_route=\/wp\/v2\/types\/post"}],"author":[{"embeddable":true,"href":"https:\/\/www.contextosdigital.com\/index.php?rest_route=\/wp\/v2\/users\/2"}],"replies":[{"embeddable":true,"href":"https:\/\/www.contextosdigital.com\/index.php?rest_route=%2Fwp%2Fv2%2Fcomments&post=42290"}],"version-history":[{"count":1,"href":"https:\/\/www.contextosdigital.com\/index.php?rest_route=\/wp\/v2\/posts\/42290\/revisions"}],"predecessor-version":[{"id":42291,"href":"https:\/\/www.contextosdigital.com\/index.php?rest_route=\/wp\/v2\/posts\/42290\/revisions\/42291"}],"wp:attachment":[{"href":"https:\/\/www.contextosdigital.com\/index.php?rest_route=%2Fwp%2Fv2%2Fmedia&parent=42290"}],"wp:term":[{"taxonomy":"category","embeddable":true,"href":"https:\/\/www.contextosdigital.com\/index.php?rest_route=%2Fwp%2Fv2%2Fcategories&post=42290"},{"taxonomy":"post_tag","embeddable":true,"href":"https:\/\/www.contextosdigital.com\/index.php?rest_route=%2Fwp%2Fv2%2Ftags&post=42290"}],"curies":[{"name":"wp","href":"https:\/\/api.w.org\/{rel}","templated":true}]}}