{"id":42284,"date":"2016-02-19T09:52:19","date_gmt":"2016-02-19T14:52:19","guid":{"rendered":"http:\/\/www.contextosdigital.com\/?p=42284"},"modified":"2016-02-19T09:52:19","modified_gmt":"2016-02-19T14:52:19","slug":"con-exito-efectuo-sepuede-la-feria-del-empleo-para-jovenes","status":"publish","type":"post","link":"https:\/\/www.contextosdigital.com\/?p=42284","title":{"rendered":"Con \u00e9xito efectu\u00f3 SEPUEDE la Feria del Empleo para J\u00f3venes"},"content":{"rendered":"<p>En el marco de la \u201cFeria del Empleo para J\u00f3venes\u201d, celebrada este jueves, la titular del Sistema Estatal de Promoci\u00f3n del Empleo y Desarrollo Comunitario (Sepude), Maricela Cuapio Cote, asever\u00f3 que con estas acciones, el Gobierno que encabeza Mariano Gonz\u00e1lez Zarur trabaja para mejorar y elevar la calidad de vida de este sector de la\u00a0 poblaci\u00f3n.<\/p>\n<p>Durante este evento, celebrado en el centro expositor \u201cAdolfo L\u00f3pez Mateos\u201d en la ciudad de Tlaxcala, se dieron cita alrededor de 891 j\u00f3venes que tuvieron acceso a m\u00e1s de 900 opciones de empleo formal ofertadas por un total de 42 empresas de los rubros, industrial, de comercio y servicios.<\/p>\n<p>En su mensaje, Cuapio Cote recalc\u00f3 el compromiso de la dependencia a su cargo de servir como un v\u00ednculo entre los buscadores de empleo y las empresas, a fin de coadyuvar a que los tlaxcaltecas encuentren trabajo en su lugar de origen.<\/p>\n<p>Adem\u00e1s, hizo hincapi\u00e9 en el esfuerzo y arduo trabajo del Mandatario, Gonz\u00e1lez Zarur, quien desde el inicio de su administraci\u00f3n se dio a la tarea de atraer mayor capital privado que generara las fuentes de empleo que demanda la ciudadan\u00eda tlaxcalteca.<\/p>\n<p>Tambi\u00e9n puntualiz\u00f3 que el Gobierno del Estado tiene el compromiso de apoyar a los j\u00f3venes en su inserci\u00f3n al campo laboral, por lo que se organizan este tipo de ferias enfocadas a este grupo, en coordinaci\u00f3n con el Servicio Nacional del Empleo (SNE).<\/p>\n<p>Por su parte, la titular de la Secretar\u00eda de Turismo y Desarrollo Econ\u00f3mico (Setyde), Kathya Torres V\u00e1zquez, asever\u00f3 que la llega de nuevas inversiones al estado -principalmente del ramo automotriz- permite el crecimiento de la econom\u00eda local y por ende el repunte en empleos y oportunidades para los j\u00f3venes.<\/p>\n<p>Asimismo, la delegada de la Secretar\u00eda del Trabajo y Previsi\u00f3n Social (Styps), Viviana Barbosa Bonola, recalc\u00f3 que el Gobierno federal emprende acciones en plena coordinaci\u00f3n con la administraci\u00f3n estatal, pues comparten el objetivo de mantener el desarrollo econ\u00f3mico y social en beneficio de la poblaci\u00f3n.<\/p>\n<p>En el evento estuvieron presentes, Yaneli P\u00e9rez V\u00e1zquez, directora del SNE, y N\u00e9stor Flores Hern\u00e1ndez, director del Instituto Tlaxcalteca de la Juventud (ITJ).<\/p>\n","protected":false},"excerpt":{"rendered":"<p>En el marco de la \u201cFeria del Empleo para J\u00f3venes\u201d, celebrada este jueves, la titular del Sistema Estatal de Promoci\u00f3n del Empleo y Desarrollo Comunitario (Sepude), Maricela Cuapio Cote, asever\u00f3 que con estas acciones, el Gobierno que encabeza Mariano Gonz\u00e1lez Zarur trabaja para mejorar y elevar la calidad de vida de este sector de la  poblaci\u00f3n.<br \/>\nDurante este evento, celebrado en el centro expositor \u201cAdolfo L\u00f3pez Mateos\u201d en la ciudad de Tlaxcala, se dieron cita alrededor de 891 j\u00f3venes que tuvieron acceso a m\u00e1s de 900 opciones de empleo formal ofertadas por un total de 42 empresas de los rubros, industrial, de comercio y servicios.<\/p>\n","protected":false},"author":2,"featured_media":42285,"comment_status":"open","ping_status":"open","sticky":false,"template":"","format":"standard","meta":{"footnotes":""},"categories":[4],"tags":[],"class_list":["post-42284","post","type-post","status-publish","format-standard","has-post-thumbnail","hentry","category-local"],"_links":{"self":[{"href":"https:\/\/www.contextosdigital.com\/index.php?rest_route=\/wp\/v2\/posts\/42284","targetHints":{"allow":["GET"]}}],"collection":[{"href":"https:\/\/www.contextosdigital.com\/index.php?rest_route=\/wp\/v2\/posts"}],"about":[{"href":"https:\/\/www.contextosdigital.com\/index.php?rest_route=\/wp\/v2\/types\/post"}],"author":[{"embeddable":true,"href":"https:\/\/www.contextosdigital.com\/index.php?rest_route=\/wp\/v2\/users\/2"}],"replies":[{"embeddable":true,"href":"https:\/\/www.contextosdigital.com\/index.php?rest_route=%2Fwp%2Fv2%2Fcomments&post=42284"}],"version-history":[{"count":1,"href":"https:\/\/www.contextosdigital.com\/index.php?rest_route=\/wp\/v2\/posts\/42284\/revisions"}],"predecessor-version":[{"id":42286,"href":"https:\/\/www.contextosdigital.com\/index.php?rest_route=\/wp\/v2\/posts\/42284\/revisions\/42286"}],"wp:featuredmedia":[{"embeddable":true,"href":"https:\/\/www.contextosdigital.com\/index.php?rest_route=\/wp\/v2\/media\/42285"}],"wp:attachment":[{"href":"https:\/\/www.contextosdigital.com\/index.php?rest_route=%2Fwp%2Fv2%2Fmedia&parent=42284"}],"wp:term":[{"taxonomy":"category","embeddable":true,"href":"https:\/\/www.contextosdigital.com\/index.php?rest_route=%2Fwp%2Fv2%2Fcategories&post=42284"},{"taxonomy":"post_tag","embeddable":true,"href":"https:\/\/www.contextosdigital.com\/index.php?rest_route=%2Fwp%2Fv2%2Ftags&post=42284"}],"curies":[{"name":"wp","href":"https:\/\/api.w.org\/{rel}","templated":true}]}}