{"id":42281,"date":"2016-02-19T09:50:45","date_gmt":"2016-02-19T14:50:45","guid":{"rendered":"http:\/\/www.contextosdigital.com\/?p=42281"},"modified":"2016-02-19T09:50:45","modified_gmt":"2016-02-19T14:50:45","slug":"llegara-a-chiautempan-la-primera-semana-nacional-de-salud","status":"publish","type":"post","link":"https:\/\/www.contextosdigital.com\/?p=42281","title":{"rendered":"Llegar\u00e1 a Chiautempan la primera semana nacional de salud."},"content":{"rendered":"<p>El pr\u00f3ximo viernes 19 y s\u00e1bado 20 de febrero, en las instalaciones del M\u00f3dulo M\u00e9dico Municipal, ubicado en la \u201cAntigua estaci\u00f3n del tren\u201d, en un horario de 9:00 Hrs. a 13:00 Hrs. y de 10:00 Hrs. a 14:00 Hrs. respectivamente.<\/p>\n<p>As\u00ed lo mencion\u00f3 Juan Rub\u00e9n del Razo Flores, m\u00e9dico y director de Servicios M\u00e9dicos del ayuntamiento de Chiautempan, quien adem\u00e1s coment\u00f3 que con motivo a la Primer Semana Nacional de Salud, que se estar\u00e1 llevando a cabo del 20 al 26 de febrero en todo el pa\u00eds, de acuerdo a las metas de la Secretar\u00eda de Salud, se estar\u00e1n reforzando la vacunaci\u00f3n entre ni\u00f1os de 6 meses hasta 5 a\u00f1os de edad.<\/p>\n<p>Adem\u00e1s del m\u00f3dulo m\u00e9dico municipal, toda la ciudadan\u00eda chiautempense podr\u00e1 acudir a los centros de salud de sus comunidades, ya sea para solicitar alguna vacuna para los infantes o bien para recibir orientaci\u00f3n sobre la prevenci\u00f3n de enfermedades en infantes, as\u00ed como la distribuci\u00f3n de vida suero oral u obtener alg\u00fan suplemento de vitaminas, minerales y \u00e1cido f\u00f3lico.<\/p>\n<p>Por lo que del Razo Flores hizo la invitaci\u00f3n a todos los y las chiautepenses a que acudan en los d\u00edas mencionados al m\u00f3dulo m\u00e9dico llevando a sus peque\u00f1os para fortalecer el bienestar social y los ambientes saludables en el municipio.<\/p>\n","protected":false},"excerpt":{"rendered":"<p>El pr\u00f3ximo viernes 19 y s\u00e1bado 20 de febrero, en las instalaciones del M\u00f3dulo M\u00e9dico Municipal, ubicado en la \u201cAntigua estaci\u00f3n del tren\u201d, en un horario de 9:00 Hrs. a 13:00 Hrs. y de 10:00 Hrs. a 14:00 Hrs. respectivamente.<br \/>\nAs\u00ed lo mencion\u00f3 Juan Rub\u00e9n del Razo Flores, m\u00e9dico y director de Servicios M\u00e9dicos del ayuntamiento de Chiautempan, quien adem\u00e1s coment\u00f3 que con motivo a la Primer Semana Nacional de Salud, que se estar\u00e1 llevando a cabo del 20 al 26 de febrero en todo el pa\u00eds, de acuerdo a las metas de la Secretar\u00eda de Salud, se estar\u00e1n reforzando la vacunaci\u00f3n entre ni\u00f1os de 6 meses hasta 5 a\u00f1os de edad.<\/p>\n","protected":false},"author":2,"featured_media":42282,"comment_status":"open","ping_status":"open","sticky":false,"template":"","format":"standard","meta":{"footnotes":""},"categories":[4],"tags":[],"class_list":["post-42281","post","type-post","status-publish","format-standard","has-post-thumbnail","hentry","category-local"],"_links":{"self":[{"href":"https:\/\/www.contextosdigital.com\/index.php?rest_route=\/wp\/v2\/posts\/42281","targetHints":{"allow":["GET"]}}],"collection":[{"href":"https:\/\/www.contextosdigital.com\/index.php?rest_route=\/wp\/v2\/posts"}],"about":[{"href":"https:\/\/www.contextosdigital.com\/index.php?rest_route=\/wp\/v2\/types\/post"}],"author":[{"embeddable":true,"href":"https:\/\/www.contextosdigital.com\/index.php?rest_route=\/wp\/v2\/users\/2"}],"replies":[{"embeddable":true,"href":"https:\/\/www.contextosdigital.com\/index.php?rest_route=%2Fwp%2Fv2%2Fcomments&post=42281"}],"version-history":[{"count":1,"href":"https:\/\/www.contextosdigital.com\/index.php?rest_route=\/wp\/v2\/posts\/42281\/revisions"}],"predecessor-version":[{"id":42283,"href":"https:\/\/www.contextosdigital.com\/index.php?rest_route=\/wp\/v2\/posts\/42281\/revisions\/42283"}],"wp:featuredmedia":[{"embeddable":true,"href":"https:\/\/www.contextosdigital.com\/index.php?rest_route=\/wp\/v2\/media\/42282"}],"wp:attachment":[{"href":"https:\/\/www.contextosdigital.com\/index.php?rest_route=%2Fwp%2Fv2%2Fmedia&parent=42281"}],"wp:term":[{"taxonomy":"category","embeddable":true,"href":"https:\/\/www.contextosdigital.com\/index.php?rest_route=%2Fwp%2Fv2%2Fcategories&post=42281"},{"taxonomy":"post_tag","embeddable":true,"href":"https:\/\/www.contextosdigital.com\/index.php?rest_route=%2Fwp%2Fv2%2Ftags&post=42281"}],"curies":[{"name":"wp","href":"https:\/\/api.w.org\/{rel}","templated":true}]}}