{"id":42279,"date":"2016-02-19T09:49:28","date_gmt":"2016-02-19T14:49:28","guid":{"rendered":"http:\/\/www.contextosdigital.com\/?p=42279"},"modified":"2016-02-19T09:49:28","modified_gmt":"2016-02-19T14:49:28","slug":"prepara-dif-estatal-el-arranque-de-bodas-en-movimiento","status":"publish","type":"post","link":"https:\/\/www.contextosdigital.com\/?p=42279","title":{"rendered":"Prepara DIF estatal el arranque de  \u201cBodas en Movimiento\u201d"},"content":{"rendered":"<p>El Sistema Estatal para el Desarrollo Integral de la Familia (DIF), que preside Mariana Gonz\u00e1lez Foullon, pondr\u00e1 en marcha el programa \u201cBodas en Movimiento\u201d a partir de este\u00a0 19 y 20 de febrero, estrategia que tiene como objetivo brindar certeza jur\u00eddica a las parejas, y adem\u00e1s fortalecer la uni\u00f3n familiar a trav\u00e9s de este significativo acto.<\/p>\n<p>Es as\u00ed que para esta ocasi\u00f3n, el DIF cuenta con el respaldo de la Coordinaci\u00f3n Estatal del Registro Civil (Cerc), que es la dependencia encargada de formalizar y dar legalidad a estas bodas que son gratuitas para los beneficiarios, lo que representa un ahorro en su econom\u00eda de alrededor de mil 500 pesos.<\/p>\n<p>De tal forma que este viernes 19 de febrero las bodas tendr\u00e1n lugar en Calpulalpan, donde participar\u00e1n parejas de este municipio, mientras que el s\u00e1bado 20 las sedes de los enlaces ser\u00e1n Huamantla y posteriormente en la ciudad de Tlaxcala.<\/p>\n<p>Es as\u00ed como el Gobierno que encabeza Mariano Gonz\u00e1lez Zarur fortalece el bienestar social, a trav\u00e9s del apoyo de aquellas parejas en uni\u00f3n libre que desean regularizar su estado civil y con ello brindar certeza jur\u00eddica a su uni\u00f3n, al igual que a los hijos en materia de derechos y potestades.<\/p>\n","protected":false},"excerpt":{"rendered":"<p>El Sistema Estatal para el Desarrollo Integral de la Familia (DIF), que preside Mariana Gonz\u00e1lez Foullon, pondr\u00e1 en marcha el programa \u201cBodas en Movimiento\u201d a partir de este  19 y 20 de febrero, estrategia que tiene como objetivo brindar certeza jur\u00eddica a las parejas, y adem\u00e1s fortalecer la uni\u00f3n familiar a trav\u00e9s de este significativo acto.<br \/>\nEs as\u00ed que para esta ocasi\u00f3n, el DIF cuenta con el respaldo de la Coordinaci\u00f3n Estatal del Registro Civil (Cerc), que es la dependencia encargada de formalizar y dar legalidad a estas bodas que son gratuitas para los beneficiarios, lo que representa un ahorro en su econom\u00eda de alrededor de mil 500 pesos.<\/p>\n","protected":false},"author":2,"featured_media":34722,"comment_status":"open","ping_status":"open","sticky":false,"template":"","format":"standard","meta":{"footnotes":""},"categories":[4],"tags":[],"class_list":["post-42279","post","type-post","status-publish","format-standard","has-post-thumbnail","hentry","category-local"],"_links":{"self":[{"href":"https:\/\/www.contextosdigital.com\/index.php?rest_route=\/wp\/v2\/posts\/42279","targetHints":{"allow":["GET"]}}],"collection":[{"href":"https:\/\/www.contextosdigital.com\/index.php?rest_route=\/wp\/v2\/posts"}],"about":[{"href":"https:\/\/www.contextosdigital.com\/index.php?rest_route=\/wp\/v2\/types\/post"}],"author":[{"embeddable":true,"href":"https:\/\/www.contextosdigital.com\/index.php?rest_route=\/wp\/v2\/users\/2"}],"replies":[{"embeddable":true,"href":"https:\/\/www.contextosdigital.com\/index.php?rest_route=%2Fwp%2Fv2%2Fcomments&post=42279"}],"version-history":[{"count":1,"href":"https:\/\/www.contextosdigital.com\/index.php?rest_route=\/wp\/v2\/posts\/42279\/revisions"}],"predecessor-version":[{"id":42280,"href":"https:\/\/www.contextosdigital.com\/index.php?rest_route=\/wp\/v2\/posts\/42279\/revisions\/42280"}],"wp:featuredmedia":[{"embeddable":true,"href":"https:\/\/www.contextosdigital.com\/index.php?rest_route=\/wp\/v2\/media\/34722"}],"wp:attachment":[{"href":"https:\/\/www.contextosdigital.com\/index.php?rest_route=%2Fwp%2Fv2%2Fmedia&parent=42279"}],"wp:term":[{"taxonomy":"category","embeddable":true,"href":"https:\/\/www.contextosdigital.com\/index.php?rest_route=%2Fwp%2Fv2%2Fcategories&post=42279"},{"taxonomy":"post_tag","embeddable":true,"href":"https:\/\/www.contextosdigital.com\/index.php?rest_route=%2Fwp%2Fv2%2Ftags&post=42279"}],"curies":[{"name":"wp","href":"https:\/\/api.w.org\/{rel}","templated":true}]}}