{"id":42276,"date":"2016-02-19T09:47:10","date_gmt":"2016-02-19T14:47:10","guid":{"rendered":"http:\/\/www.contextosdigital.com\/?p=42276"},"modified":"2016-02-19T09:47:10","modified_gmt":"2016-02-19T14:47:10","slug":"en-chiautempan-seguridad-publica-brinda-asistencia-vial-a-conductores","status":"publish","type":"post","link":"https:\/\/www.contextosdigital.com\/?p=42276","title":{"rendered":"En Chiautempan, Seguridad P\u00fablica brinda asistencia vial a conductores."},"content":{"rendered":"<p>Como parte de las actividades que realiza cotidianamente la direcci\u00f3n de Seguridad P\u00fablica y Vialidad del ayuntamiento de Chiautempan, que es encabezado por el alcalde Antonio Mendoza Romero, con la finalidad de resolver conflictos menores entre los conductores que por descuido llegan a sufrir un percance vial, elementos de seguridad intervienen para fomentar el di\u00e1logo y llegar a buenos t\u00e9rminos.<\/p>\n<p>As\u00ed lo coment\u00f3 el comandante y director de la polic\u00eda municipal, Gonzalo Mart\u00ednez Caricio, quien adem\u00e1s detall\u00f3 que este tipo de percances se han suscitado sin dejar grandes afectaciones ya que solo se ha tratado de choques de autos particulares por alcance, sin dejar heridos y resueltos tras un di\u00e1logo civilizado entre las partes responsables, deslindando de responsabilidad penal y jur\u00eddica a los elementos que los asistieron.<\/p>\n<p>Por otro Gonz\u00e1lez Caricio, recomend\u00f3 a los conductores ser respetuosos de los se\u00f1alamientos viales y del reglamento de tr\u00e1nsito, ello para mantener un orden y seguridad de todos los conductores y transe\u00fantes.<\/p>\n","protected":false},"excerpt":{"rendered":"<p> Como parte de las actividades que realiza cotidianamente la direcci\u00f3n de Seguridad P\u00fablica y Vialidad del ayuntamiento de Chiautempan, que es encabezado por el alcalde Antonio Mendoza Romero, con la finalidad de resolver conflictos menores entre los conductores que por descuido llegan a sufrir un percance vial, elementos de seguridad intervienen para fomentar el di\u00e1logo y llegar a buenos t\u00e9rminos.<br \/>\nAs\u00ed lo coment\u00f3 el comandante y director de la polic\u00eda municipal, Gonzalo Mart\u00ednez Caricio, quien adem\u00e1s detall\u00f3 que este tipo de percances se han suscitado sin dejar grandes afectaciones ya que solo se ha tratado de choques de autos particulares por alcance, sin dejar heridos y resueltos tras un di\u00e1logo civilizado entre las partes responsables<\/p>\n","protected":false},"author":2,"featured_media":42277,"comment_status":"open","ping_status":"open","sticky":false,"template":"","format":"standard","meta":{"footnotes":""},"categories":[4],"tags":[],"class_list":["post-42276","post","type-post","status-publish","format-standard","has-post-thumbnail","hentry","category-local"],"_links":{"self":[{"href":"https:\/\/www.contextosdigital.com\/index.php?rest_route=\/wp\/v2\/posts\/42276","targetHints":{"allow":["GET"]}}],"collection":[{"href":"https:\/\/www.contextosdigital.com\/index.php?rest_route=\/wp\/v2\/posts"}],"about":[{"href":"https:\/\/www.contextosdigital.com\/index.php?rest_route=\/wp\/v2\/types\/post"}],"author":[{"embeddable":true,"href":"https:\/\/www.contextosdigital.com\/index.php?rest_route=\/wp\/v2\/users\/2"}],"replies":[{"embeddable":true,"href":"https:\/\/www.contextosdigital.com\/index.php?rest_route=%2Fwp%2Fv2%2Fcomments&post=42276"}],"version-history":[{"count":1,"href":"https:\/\/www.contextosdigital.com\/index.php?rest_route=\/wp\/v2\/posts\/42276\/revisions"}],"predecessor-version":[{"id":42278,"href":"https:\/\/www.contextosdigital.com\/index.php?rest_route=\/wp\/v2\/posts\/42276\/revisions\/42278"}],"wp:featuredmedia":[{"embeddable":true,"href":"https:\/\/www.contextosdigital.com\/index.php?rest_route=\/wp\/v2\/media\/42277"}],"wp:attachment":[{"href":"https:\/\/www.contextosdigital.com\/index.php?rest_route=%2Fwp%2Fv2%2Fmedia&parent=42276"}],"wp:term":[{"taxonomy":"category","embeddable":true,"href":"https:\/\/www.contextosdigital.com\/index.php?rest_route=%2Fwp%2Fv2%2Fcategories&post=42276"},{"taxonomy":"post_tag","embeddable":true,"href":"https:\/\/www.contextosdigital.com\/index.php?rest_route=%2Fwp%2Fv2%2Ftags&post=42276"}],"curies":[{"name":"wp","href":"https:\/\/api.w.org\/{rel}","templated":true}]}}