{"id":42262,"date":"2016-02-18T09:32:10","date_gmt":"2016-02-18T14:32:10","guid":{"rendered":"http:\/\/www.contextosdigital.com\/?p=42262"},"modified":"2016-02-18T09:32:10","modified_gmt":"2016-02-18T14:32:10","slug":"convoca-sepe-al-concurso-olimpiada-del-conocimiento-infantil-2016","status":"publish","type":"post","link":"https:\/\/www.contextosdigital.com\/?p=42262","title":{"rendered":"Convoca SEPE al Concurso \u201cOlimpiada del Conocimiento Infantil 2016\u201d"},"content":{"rendered":"<p>La secretar\u00eda de Educaci\u00f3n P\u00fablica del Estado (SEPE), a trav\u00e9s de la Unidad de Servicios Educativos de Tlaxcala (USET), convoca a alumnos de sexto grado de las escuelas de educaci\u00f3n primaria del estado, as\u00ed como a los del tercer nivel de cursos comunitarios a participar en el Concurso \u201cOlimpiada del Conocimiento Infantil 2016\u201d.<\/p>\n<p>La convocatoria va dirigida a estudiantes de sexto grado de primaria de escuelas oficiales urbanas y rurales, as\u00ed como instituciones particulares incorporadas, escuelas de educaci\u00f3n ind\u00edgena y cursos comunitarios del Conafe.<\/p>\n<p>Rodolfo Su\u00e1rez P\u00e9rez, director de educaci\u00f3n primaria de USET y responsable del concurso, explic\u00f3 que el concurso se desarrollar\u00e1 por etapas que iniciar\u00e1n el 22 de febrero, posteriormente la segunda etapa ser\u00e1 el 11 de marzo y la etapa estatal ser\u00e1 en el mes de mayo.<\/p>\n<p>\u201cComo cada a\u00f1o, la secretar\u00eda de Educaci\u00f3n P\u00fablica federal, nos env\u00eda la convocatoria para que invitemos a los alumnos de sexto a\u00f1o de primaria a que participen en este certamen que tiene como objetivo reconocer el aprovechamiento de los mejores alumnos del estado y del pa\u00eds\u201d, refiri\u00f3.<\/p>\n<p>De acuerdo a lo establecido en la convocatoria, los alumnos ganadores del certamen recibir\u00e1n una beca econ\u00f3mica de un mil pesos mensuales durante diez meses al a\u00f1o en cada uno de los tres ciclos escolares, siempre que contin\u00faen con los estudios de secundaria y mantengan un alto desempe\u00f1o acad\u00e9mico conforme al Convenio de Concertaci\u00f3n suscrito el 4 de agosto de 2007 entre la SEP y la Fundaci\u00f3n BBVA Bancomer, A.C. y su convenio modificatorio de fecha 19 de marzo de 2013.<\/p>\n<p>\u201cLos alumnos ganadores de la tercera etapa, integrar\u00e1n la delegaci\u00f3n del Estado de Tlaxcala que participar\u00e1 en la Convivencia Cultural 2016 a realizarse en la Ciudad de M\u00e9xico durante el mes de julio de 2016 y en la que tendr\u00e1n la oportunidad de saludar al Presidente de M\u00e9xico, Enrique Pe\u00f1a Nieto, en la Residencia Oficial de Los Pinos\u201d, expres\u00f3.<\/p>\n<p>Su\u00e1rez P\u00e9rez, invit\u00f3 a los alumnos de sexto a\u00f1o de primaria de escuelas p\u00fablicas y privadas a que participen en este certamen cuyo objetivo es reconocer el aprovechamiento de los estudiantes de Tlaxcala y M\u00e9xico.<\/p>\n<p>Para mayor informaci\u00f3n acudir a la direcci\u00f3n de Educaci\u00f3n Primaria USE , sito en oficinas de la SEPE-USET, carretera federal Tlaxcala Puebla, km. 1.5 interior 5, colonia Las \u00c1nimas, Tlaxcala, tel\u00e9fono 2464623600 ext. 1201 www.sep.gob.mx y www.septlaxcala.gob.mx<\/p>\n","protected":false},"excerpt":{"rendered":"<p>La secretar\u00eda de Educaci\u00f3n P\u00fablica del Estado (SEPE), a trav\u00e9s de la Unidad de Servicios Educativos de Tlaxcala (USET), convoca a alumnos de sexto grado de las escuelas de educaci\u00f3n primaria del estado, as\u00ed como a los del tercer nivel de cursos comunitarios a participar en el Concurso \u201cOlimpiada del Conocimiento Infantil 2016\u201d.<br \/>\nLa convocatoria va dirigida a estudiantes de sexto grado de primaria de escuelas oficiales urbanas y rurales, as\u00ed como instituciones particulares incorporadas, escuelas de educaci\u00f3n ind\u00edgena y cursos comunitarios del Conafe.<br \/>\nRodolfo Su\u00e1rez P\u00e9rez, director de educaci\u00f3n primaria de USET y responsable del concurso, explic\u00f3 que el concurso se desarrollar\u00e1 por etapas que iniciar\u00e1n el 22 de febrero, posteriormente la segunda etapa ser\u00e1 el 11 de marzo y la etapa estatal ser\u00e1 en el mes de mayo.<\/p>\n","protected":false},"author":2,"featured_media":42263,"comment_status":"open","ping_status":"open","sticky":false,"template":"","format":"standard","meta":{"footnotes":""},"categories":[4],"tags":[],"class_list":["post-42262","post","type-post","status-publish","format-standard","has-post-thumbnail","hentry","category-local"],"_links":{"self":[{"href":"https:\/\/www.contextosdigital.com\/index.php?rest_route=\/wp\/v2\/posts\/42262","targetHints":{"allow":["GET"]}}],"collection":[{"href":"https:\/\/www.contextosdigital.com\/index.php?rest_route=\/wp\/v2\/posts"}],"about":[{"href":"https:\/\/www.contextosdigital.com\/index.php?rest_route=\/wp\/v2\/types\/post"}],"author":[{"embeddable":true,"href":"https:\/\/www.contextosdigital.com\/index.php?rest_route=\/wp\/v2\/users\/2"}],"replies":[{"embeddable":true,"href":"https:\/\/www.contextosdigital.com\/index.php?rest_route=%2Fwp%2Fv2%2Fcomments&post=42262"}],"version-history":[{"count":1,"href":"https:\/\/www.contextosdigital.com\/index.php?rest_route=\/wp\/v2\/posts\/42262\/revisions"}],"predecessor-version":[{"id":42264,"href":"https:\/\/www.contextosdigital.com\/index.php?rest_route=\/wp\/v2\/posts\/42262\/revisions\/42264"}],"wp:featuredmedia":[{"embeddable":true,"href":"https:\/\/www.contextosdigital.com\/index.php?rest_route=\/wp\/v2\/media\/42263"}],"wp:attachment":[{"href":"https:\/\/www.contextosdigital.com\/index.php?rest_route=%2Fwp%2Fv2%2Fmedia&parent=42262"}],"wp:term":[{"taxonomy":"category","embeddable":true,"href":"https:\/\/www.contextosdigital.com\/index.php?rest_route=%2Fwp%2Fv2%2Fcategories&post=42262"},{"taxonomy":"post_tag","embeddable":true,"href":"https:\/\/www.contextosdigital.com\/index.php?rest_route=%2Fwp%2Fv2%2Ftags&post=42262"}],"curies":[{"name":"wp","href":"https:\/\/api.w.org\/{rel}","templated":true}]}}