{"id":42259,"date":"2016-02-18T09:30:56","date_gmt":"2016-02-18T14:30:56","guid":{"rendered":"http:\/\/www.contextosdigital.com\/?p=42259"},"modified":"2016-02-18T09:30:56","modified_gmt":"2016-02-18T14:30:56","slug":"ofrecen-en-chiautempan-primer-campana-de-optometria-del-ano","status":"publish","type":"post","link":"https:\/\/www.contextosdigital.com\/?p=42259","title":{"rendered":"Ofrecen en Chiautempan primer campa\u00f1a de optometr\u00eda del a\u00f1o."},"content":{"rendered":"<p>El ayuntamiento de Chiautempan presidido por el alcalde Antonio Mendoza Romero, a trav\u00e9s del Sistema Municipal para el Desarrollo Integral de la Familia (SMDIF), en coordinaci\u00f3n con la empresa Company Center, programaron la primer jornada visual para este 2016 con la finalidad de acercar este tipo de servicios a un bajo costo para todos los y las chiautempenses, en especial a personas de escasos recursos econ\u00f3micos.<\/p>\n<p>Olivia Rosete Rosete, Directora del Sistema Municipal DIF, declaro que desde el lunes 15 y hasta el viernes 19 de febrero, en un horario de 12:30 del d\u00eda a las 16:00 horas optometristas experimentados, realizaran ex\u00e1menes de la vista por computadora de manera gratuita a las personas que as\u00ed lo requieran, en los portales del palacio municipal; de igual forma para quienes as\u00ed lo deseen, podr\u00e1n adquirir armazones de buena calidad y micas a un precio muy accesible con garant\u00eda de un a\u00f1o.<\/p>\n<p>Por \u00faltimo Rosete Rosete coment\u00f3 que los costos que se pueden encontrar son hasta del 50 por ciento menos que en \u00f3pticas comerciales, por lo que la finalidad es acercar, atender y brindar los servicios que requiera la poblaci\u00f3n chiautempense.<\/p>\n","protected":false},"excerpt":{"rendered":"<p>El ayuntamiento de Chiautempan presidido por el alcalde Antonio Mendoza Romero, a trav\u00e9s del Sistema Municipal para el Desarrollo Integral de la Familia (SMDIF), en coordinaci\u00f3n con la empresa Company Center, programaron la primer jornada visual para este 2016 con la finalidad de acercar este tipo de servicios a un bajo costo para todos los y las chiautempenses, en especial a personas de escasos recursos econ\u00f3micos.<br \/>\nOlivia Rosete Rosete, Directora del Sistema Municipal DIF, declaro que desde el lunes 15 y hasta el viernes 19 de febrero, en un horario de 12:30 del d\u00eda a las 16:00 horas optometristas experimentados, realizaran ex\u00e1menes de la vista por computadora de manera gratuita a las personas que as\u00ed lo requieran, en los portales del palacio municipal; de igual forma para quienes as\u00ed lo deseen, podr\u00e1n adquirir armazones de buena calidad y micas a un precio muy accesible con garant\u00eda de un a\u00f1o.<\/p>\n","protected":false},"author":2,"featured_media":42260,"comment_status":"open","ping_status":"open","sticky":false,"template":"","format":"standard","meta":{"footnotes":""},"categories":[4],"tags":[],"class_list":["post-42259","post","type-post","status-publish","format-standard","has-post-thumbnail","hentry","category-local"],"_links":{"self":[{"href":"https:\/\/www.contextosdigital.com\/index.php?rest_route=\/wp\/v2\/posts\/42259","targetHints":{"allow":["GET"]}}],"collection":[{"href":"https:\/\/www.contextosdigital.com\/index.php?rest_route=\/wp\/v2\/posts"}],"about":[{"href":"https:\/\/www.contextosdigital.com\/index.php?rest_route=\/wp\/v2\/types\/post"}],"author":[{"embeddable":true,"href":"https:\/\/www.contextosdigital.com\/index.php?rest_route=\/wp\/v2\/users\/2"}],"replies":[{"embeddable":true,"href":"https:\/\/www.contextosdigital.com\/index.php?rest_route=%2Fwp%2Fv2%2Fcomments&post=42259"}],"version-history":[{"count":1,"href":"https:\/\/www.contextosdigital.com\/index.php?rest_route=\/wp\/v2\/posts\/42259\/revisions"}],"predecessor-version":[{"id":42261,"href":"https:\/\/www.contextosdigital.com\/index.php?rest_route=\/wp\/v2\/posts\/42259\/revisions\/42261"}],"wp:featuredmedia":[{"embeddable":true,"href":"https:\/\/www.contextosdigital.com\/index.php?rest_route=\/wp\/v2\/media\/42260"}],"wp:attachment":[{"href":"https:\/\/www.contextosdigital.com\/index.php?rest_route=%2Fwp%2Fv2%2Fmedia&parent=42259"}],"wp:term":[{"taxonomy":"category","embeddable":true,"href":"https:\/\/www.contextosdigital.com\/index.php?rest_route=%2Fwp%2Fv2%2Fcategories&post=42259"},{"taxonomy":"post_tag","embeddable":true,"href":"https:\/\/www.contextosdigital.com\/index.php?rest_route=%2Fwp%2Fv2%2Ftags&post=42259"}],"curies":[{"name":"wp","href":"https:\/\/api.w.org\/{rel}","templated":true}]}}