{"id":42249,"date":"2016-02-18T09:26:55","date_gmt":"2016-02-18T14:26:55","guid":{"rendered":"http:\/\/www.contextosdigital.com\/?p=42249"},"modified":"2016-02-18T09:26:55","modified_gmt":"2016-02-18T14:26:55","slug":"firman-dependencias-de-gobierno-del-estado-convenio-para-abatir-rezago-educativo","status":"publish","type":"post","link":"https:\/\/www.contextosdigital.com\/?p=42249","title":{"rendered":"Firman dependencias de Gobierno del Estado convenio para abatir rezago educativo"},"content":{"rendered":"<p>El Gobierno que encabeza Mariano Gonz\u00e1lez Zarur trabaja en plena coordinaci\u00f3n institucional, a fin de abatir el rezago educativo en la entidad, por ello la Oficial\u00eda Mayor de Gobierno (OMG), la Coordinaci\u00f3n Estatal del Registro Civil (Cerc) y el Instituto Tlaxcalteca para la Educaci\u00f3n de los Adultos (Itea) signaron un convenio, cuya finalidad es mejorar el acceso a la ciudadan\u00eda que desean concluir con sus estudios b\u00e1sicos.<\/p>\n<p>De tal forma que, a trav\u00e9s de este convenio, la poblaci\u00f3n interesada en recibir instrucci\u00f3n educativa a trav\u00e9s del Itea, y que no cuenta con su acta de nacimiento para completar los tr\u00e1mites de inscripci\u00f3n recibir\u00e1 una atenci\u00f3n \u00e1gil para la obtenci\u00f3n de este documento.<\/p>\n<p>Sobre este convenio, el Oficial Mayor de Gobierno, Ubaldo Velasco Hern\u00e1ndez, destac\u00f3 que la instrucci\u00f3n del Jefe del Ejecutivo es que las diversas dependencias que componen la administraci\u00f3n estatal garanticen una atenci\u00f3n integral que verdaderamente beneficie a la poblaci\u00f3n que m\u00e1s lo necesita.<\/p>\n<p>Al respecto, la titular de la Cerc, Rosa Isela Langle Hern\u00e1ndez, detall\u00f3 que este beneficio forma parte del programa \u201cUna Oficial\u00eda del Registro Civil Cerca de Ti\u201d y la campa\u00f1a permanente de registros extempor\u00e1neos, acciones que buscan hacer m\u00e1s eficiente el servicio de esta dependencia y garantizar con ello mayores beneficios a la ciudadan\u00eda.<\/p>\n<p>\u201cLa Coordinaci\u00f3n del Registro va hacer todo el tr\u00e1mite, a fin de que la falta del acta de nacimiento\u00a0 no sea impedimento para que la poblaci\u00f3n acceda a los programas del Itea\u201d, detall\u00f3 la funcionaria.<\/p>\n<p>Asimismo, Langle Hern\u00e1ndez explic\u00f3 que la Constituci\u00f3n Pol\u00edtica de los Estados Unidos Mexicanos especifica que todo ciudadano tiene derecho a su primera acta de nacimiento de manera gratuita, por lo que la Cerc cumple a cabalidad con este ordenamiento.<\/p>\n<p>Por su parte, Maday Capilla Piedras, directora del Itea, asever\u00f3 que el acta de nacimiento es un documento esencial para el ingreso al programa educativo que brinda esta instituci\u00f3n, por lo que gracias a este convenio ser\u00e1 posible que m\u00e1s tlaxcaltecas concluyan su educaci\u00f3n primaria o secundaria.<\/p>\n<p>En este sentido, Capilla Piedras recalc\u00f3 el inter\u00e9s y compromiso e inter\u00e9s del Gobernador para que todos los tlaxcaltecas tengan acceso a la formaci\u00f3n acad\u00e9mica que les garantice una mejor calidad y nivel de vida.<\/p>\n<p>\u201cAgradecemos al Gobernador porque a trav\u00e9s del trabajo coordinado entre dependencias se ayudar\u00e1 a m\u00e1s tlaxcaltecas en situaci\u00f3n vulnerable\u201d, recalc\u00f3.<\/p>\n<p>Es as\u00ed como el Gobierno del Estado trabaja en el abatimiento del rezago educativo y con ello fortalece el desarrollo de la entidad.<\/p>\n","protected":false},"excerpt":{"rendered":"<p>El Gobierno que encabeza Mariano Gonz\u00e1lez Zarur trabaja en plena coordinaci\u00f3n institucional, a fin de abatir el rezago educativo en la entidad, por ello la Oficial\u00eda Mayor de Gobierno (OMG), la Coordinaci\u00f3n Estatal del Registro Civil (Cerc) y el Instituto Tlaxcalteca para la Educaci\u00f3n de los Adultos (Itea) signaron un convenio, cuya finalidad es mejorar el acceso a la ciudadan\u00eda que desean concluir con sus estudios b\u00e1sicos.<br \/>\nDe tal forma que, a trav\u00e9s de este convenio, la poblaci\u00f3n interesada en recibir instrucci\u00f3n educativa a trav\u00e9s del Itea, y que no cuenta con su acta de nacimiento para completar los tr\u00e1mites de inscripci\u00f3n recibir\u00e1 una atenci\u00f3n \u00e1gil para la obtenci\u00f3n de este documento.<br \/>\nSobre este convenio, el Oficial Mayor de Gobierno, Ubaldo Velasco Hern\u00e1ndez, destac\u00f3 que la instrucci\u00f3n del Jefe del Ejecutivo es que las diversas dependencias que componen la administraci\u00f3n estatal garanticen una atenci\u00f3n integral que verdaderamente beneficie a la poblaci\u00f3n que m\u00e1s lo necesita.<\/p>\n","protected":false},"author":2,"featured_media":42250,"comment_status":"open","ping_status":"open","sticky":false,"template":"","format":"standard","meta":{"footnotes":""},"categories":[4],"tags":[],"class_list":["post-42249","post","type-post","status-publish","format-standard","has-post-thumbnail","hentry","category-local"],"_links":{"self":[{"href":"https:\/\/www.contextosdigital.com\/index.php?rest_route=\/wp\/v2\/posts\/42249","targetHints":{"allow":["GET"]}}],"collection":[{"href":"https:\/\/www.contextosdigital.com\/index.php?rest_route=\/wp\/v2\/posts"}],"about":[{"href":"https:\/\/www.contextosdigital.com\/index.php?rest_route=\/wp\/v2\/types\/post"}],"author":[{"embeddable":true,"href":"https:\/\/www.contextosdigital.com\/index.php?rest_route=\/wp\/v2\/users\/2"}],"replies":[{"embeddable":true,"href":"https:\/\/www.contextosdigital.com\/index.php?rest_route=%2Fwp%2Fv2%2Fcomments&post=42249"}],"version-history":[{"count":1,"href":"https:\/\/www.contextosdigital.com\/index.php?rest_route=\/wp\/v2\/posts\/42249\/revisions"}],"predecessor-version":[{"id":42251,"href":"https:\/\/www.contextosdigital.com\/index.php?rest_route=\/wp\/v2\/posts\/42249\/revisions\/42251"}],"wp:featuredmedia":[{"embeddable":true,"href":"https:\/\/www.contextosdigital.com\/index.php?rest_route=\/wp\/v2\/media\/42250"}],"wp:attachment":[{"href":"https:\/\/www.contextosdigital.com\/index.php?rest_route=%2Fwp%2Fv2%2Fmedia&parent=42249"}],"wp:term":[{"taxonomy":"category","embeddable":true,"href":"https:\/\/www.contextosdigital.com\/index.php?rest_route=%2Fwp%2Fv2%2Fcategories&post=42249"},{"taxonomy":"post_tag","embeddable":true,"href":"https:\/\/www.contextosdigital.com\/index.php?rest_route=%2Fwp%2Fv2%2Ftags&post=42249"}],"curies":[{"name":"wp","href":"https:\/\/api.w.org\/{rel}","templated":true}]}}