{"id":42246,"date":"2016-02-18T09:24:27","date_gmt":"2016-02-18T14:24:27","guid":{"rendered":"http:\/\/www.contextosdigital.com\/?p=42246"},"modified":"2016-02-18T09:24:27","modified_gmt":"2016-02-18T14:24:27","slug":"presenta-itdt-cartel-taurino-para-la-tradicional-corrida-de-sabado-de-gloria","status":"publish","type":"post","link":"https:\/\/www.contextosdigital.com\/?p=42246","title":{"rendered":"Presenta ITDT cartel taurino para la  tradicional Corrida de S\u00e1bado de Gloria"},"content":{"rendered":"<p>El Gobierno del Estado, a trav\u00e9s del Instituto Tlaxcalteca de Desarrollo Taurino (Itdt), present\u00f3 este mi\u00e9rcoles el cartel de la tradicional Corrida de la Gloria, que se efectuar\u00e1 el pr\u00f3ximo s\u00e1bado 26 de marzo por la noche, a fin de obtener ingresos a beneficio de la Asociaci\u00f3n Mexicana de Ayuda a Ni\u00f1os con C\u00e1ncer (Amanc).<\/p>\n<p>En el Teatro Xicoht\u00e9ncatl, los ganaderos Antonio y Pablo de Haro Gonz\u00e1lez mostraron el cartel con el que conmemoran los 50 a\u00f1os de existencia de la ganader\u00eda De Haro, que estar\u00e1 integrado por los matadores tlaxcaltecas: Uriel Moreno \u201cEl Zapata\u201d, Jos\u00e9 Luis Angelino y Sergio Flores, quienes lidiar\u00e1n seis toros de esta casa ganadera.<\/p>\n<p>Ante la presencia de la secretaria de Turismo y Desarrollo Econ\u00f3mico (Setyde), Kathya Torres V\u00e1zquez, y del director del Itdt, Luis Andalco L\u00f3pez, informaron que esta corrida que se realizar\u00e1 a partir de las 20:00 horas en la Plaza de Toros Jorge Aguilar \u201cEl Ranchero\u201d de la capital, y los recursos obtenidos ser\u00e1n para beneficio de menores que padecen c\u00e1ncer.<\/p>\n<p>En esta presentaci\u00f3n, tanto los ganaderos de De Haro como los matadores Jos\u00e9 Luis Angelino y Sergio Flores coincidieron en que el apoyo del Gobernador Mariano Gonz\u00e1lez Zarur ha sido fundamental para que se concrete esta corrida que se efectuar\u00e1 en una fecha emblem\u00e1tica y simb\u00f3lica de la Semana Santa.<\/p>\n<p>Al respecto, el titular del Itdt destac\u00f3 que en seguimiento a las indicaciones del Mandatario tlaxcalteca se pudo consolidar este cartel 100 por ciento tlaxcalteca, con el que se celebran las bodas de oro de una de las casas ganaderas m\u00e1s importantes de la entidad y del pa\u00eds.<\/p>\n<p>Posterior a la presentaci\u00f3n de este cartel taurino, se present\u00f3 un cuadro flamenco con la bailadora Nely Fern\u00e1ndez de Lara, y se mostr\u00f3 un video que detalla los 50 a\u00f1os de historia de la casa ganadera De Haro, fundada en 1966 por Don Manuel de Haro Caso y su se\u00f1ora esposa do\u00f1a Martha Gonz\u00e1lez.<\/p>\n<p>Los interesados en adquirir los boletos para este festejo tradicional podr\u00e1n hacerlo a partir del 1 de marzo en el Hotel Posada San Francisco de la Ciudad Capital, con un costo de 250 pesos Sombra y 200 Sol General.<\/p>\n","protected":false},"excerpt":{"rendered":"<p>El Gobierno del Estado, a trav\u00e9s del Instituto Tlaxcalteca de Desarrollo Taurino (Itdt), present\u00f3 este mi\u00e9rcoles el cartel de la tradicional Corrida de la Gloria, que se efectuar\u00e1 el pr\u00f3ximo s\u00e1bado 26 de marzo por la noche, a fin de obtener ingresos a beneficio de la Asociaci\u00f3n Mexicana de Ayuda a Ni\u00f1os con C\u00e1ncer (Amanc).<br \/>\n En el Teatro Xicoht\u00e9ncatl, los ganaderos Antonio y Pablo de Haro Gonz\u00e1lez mostraron el cartel con el que conmemoran los 50 a\u00f1os de existencia de la ganader\u00eda De Haro, que estar\u00e1 integrado por los matadores tlaxcaltecas: Uriel Moreno \u201cEl Zapata\u201d, Jos\u00e9 Luis Angelino y Sergio Flores, quienes lidiar\u00e1n seis toros de esta casa ganadera.<\/p>\n","protected":false},"author":2,"featured_media":42247,"comment_status":"open","ping_status":"open","sticky":false,"template":"","format":"standard","meta":{"footnotes":""},"categories":[4],"tags":[],"class_list":["post-42246","post","type-post","status-publish","format-standard","has-post-thumbnail","hentry","category-local"],"_links":{"self":[{"href":"https:\/\/www.contextosdigital.com\/index.php?rest_route=\/wp\/v2\/posts\/42246","targetHints":{"allow":["GET"]}}],"collection":[{"href":"https:\/\/www.contextosdigital.com\/index.php?rest_route=\/wp\/v2\/posts"}],"about":[{"href":"https:\/\/www.contextosdigital.com\/index.php?rest_route=\/wp\/v2\/types\/post"}],"author":[{"embeddable":true,"href":"https:\/\/www.contextosdigital.com\/index.php?rest_route=\/wp\/v2\/users\/2"}],"replies":[{"embeddable":true,"href":"https:\/\/www.contextosdigital.com\/index.php?rest_route=%2Fwp%2Fv2%2Fcomments&post=42246"}],"version-history":[{"count":1,"href":"https:\/\/www.contextosdigital.com\/index.php?rest_route=\/wp\/v2\/posts\/42246\/revisions"}],"predecessor-version":[{"id":42248,"href":"https:\/\/www.contextosdigital.com\/index.php?rest_route=\/wp\/v2\/posts\/42246\/revisions\/42248"}],"wp:featuredmedia":[{"embeddable":true,"href":"https:\/\/www.contextosdigital.com\/index.php?rest_route=\/wp\/v2\/media\/42247"}],"wp:attachment":[{"href":"https:\/\/www.contextosdigital.com\/index.php?rest_route=%2Fwp%2Fv2%2Fmedia&parent=42246"}],"wp:term":[{"taxonomy":"category","embeddable":true,"href":"https:\/\/www.contextosdigital.com\/index.php?rest_route=%2Fwp%2Fv2%2Fcategories&post=42246"},{"taxonomy":"post_tag","embeddable":true,"href":"https:\/\/www.contextosdigital.com\/index.php?rest_route=%2Fwp%2Fv2%2Ftags&post=42246"}],"curies":[{"name":"wp","href":"https:\/\/api.w.org\/{rel}","templated":true}]}}