{"id":42243,"date":"2016-02-18T09:22:56","date_gmt":"2016-02-18T14:22:56","guid":{"rendered":"http:\/\/www.contextosdigital.com\/?p=42243"},"modified":"2016-02-18T09:22:57","modified_gmt":"2016-02-18T14:22:57","slug":"garantizada-seguridad-de-los-ciudadanos-por-obra-hidraulica-en-el-centro-de-la-capital-benjamin-avila-marquez","status":"publish","type":"post","link":"https:\/\/www.contextosdigital.com\/?p=42243","title":{"rendered":"Garantizada, seguridad de los ciudadanos por obra hidr\u00e1ulica en el centro de la capital: Benjam\u00edn \u00c1vila M\u00e1rquez"},"content":{"rendered":"<p>El encargado de la Secretar\u00eda del Ayuntamiento de Tlaxcala, Benjam\u00edn \u00c1vila M\u00e1rquez, afirm\u00f3 que el gobierno municipal, est\u00e1 al tanto de los trabajos de la obra hidr\u00e1ulica que efect\u00faa el gobierno estatal, y que estos, que ser\u00e1n de gran beneficio para la capital, interfieran lo menos posible con las actividades cotidianas de la poblaci\u00f3n.<\/p>\n<p>La ma\u00f1ana del mi\u00e9rcoles, \u00c1vila M\u00e1rquez recorri\u00f3 la calle Alonso Escalona, entre Ju\u00e1rez y Lira y Ortega, con personal de distintas \u00e1reas del ayuntamiento tales como Servicios P\u00fablicos, Obras P\u00fablicas,\u00a0 Desarrollo Urbano, Seguridad P\u00fablica, y Gobernaci\u00f3n, entre otros.<\/p>\n<p>\u201cEl gobierno del estado, a trav\u00e9s de la Secoduvi, organiza sus protocolos de seguridad, y por instrucciones del alcalde Adolfo Escobar Jard\u00ednez, estamos dispuestos a colaborar para que\u00a0 todo se lleve a cabo sin contratiempos, en todo momento, velando por la integridad de los pobladores\u201d, detall\u00f3.<\/p>\n<p>Explic\u00f3 que como en toda obra, se han registrado opiniones diversas entre los vecinos, debido a que este tipo de trabajos requieren del cierre de las vialidades, sin embargo, record\u00f3 que el beneficio que se generar\u00e1 ser\u00e1 mayor, pues se contar\u00e1 con infraestructura de calidad.<\/p>\n<p>\u00c1vila M\u00e1rquez\u00a0 coment\u00f3 que elementos de vialidad adscritos a la polic\u00eda capitalina se encuentran pendientes en abanderar los puntos y dar fluidez al tr\u00e1fico vehicular, y con ello, reducir los congestionamientos por la acumulaci\u00f3n de automovilistas en la zona.<\/p>\n","protected":false},"excerpt":{"rendered":"<p>El encargado de la Secretar\u00eda del Ayuntamiento de Tlaxcala, Benjam\u00edn \u00c1vila M\u00e1rquez, afirm\u00f3 que el gobierno municipal, est\u00e1 al tanto de los trabajos de la obra hidr\u00e1ulica que efect\u00faa el gobierno estatal, y que estos, que ser\u00e1n de gran beneficio para la capital, interfieran lo menos posible con las actividades cotidianas de la poblaci\u00f3n.<br \/>\nLa ma\u00f1ana del mi\u00e9rcoles, \u00c1vila M\u00e1rquez recorri\u00f3 la calle Alonso Escalona, entre Ju\u00e1rez y Lira y Ortega, con personal de distintas \u00e1reas del ayuntamiento tales como Servicios P\u00fablicos, Obras P\u00fablicas,  Desarrollo Urbano, Seguridad P\u00fablica, y Gobernaci\u00f3n, entre otros.<\/p>\n","protected":false},"author":2,"featured_media":42244,"comment_status":"open","ping_status":"open","sticky":false,"template":"","format":"standard","meta":{"footnotes":""},"categories":[4],"tags":[],"class_list":["post-42243","post","type-post","status-publish","format-standard","has-post-thumbnail","hentry","category-local"],"_links":{"self":[{"href":"https:\/\/www.contextosdigital.com\/index.php?rest_route=\/wp\/v2\/posts\/42243","targetHints":{"allow":["GET"]}}],"collection":[{"href":"https:\/\/www.contextosdigital.com\/index.php?rest_route=\/wp\/v2\/posts"}],"about":[{"href":"https:\/\/www.contextosdigital.com\/index.php?rest_route=\/wp\/v2\/types\/post"}],"author":[{"embeddable":true,"href":"https:\/\/www.contextosdigital.com\/index.php?rest_route=\/wp\/v2\/users\/2"}],"replies":[{"embeddable":true,"href":"https:\/\/www.contextosdigital.com\/index.php?rest_route=%2Fwp%2Fv2%2Fcomments&post=42243"}],"version-history":[{"count":1,"href":"https:\/\/www.contextosdigital.com\/index.php?rest_route=\/wp\/v2\/posts\/42243\/revisions"}],"predecessor-version":[{"id":42245,"href":"https:\/\/www.contextosdigital.com\/index.php?rest_route=\/wp\/v2\/posts\/42243\/revisions\/42245"}],"wp:featuredmedia":[{"embeddable":true,"href":"https:\/\/www.contextosdigital.com\/index.php?rest_route=\/wp\/v2\/media\/42244"}],"wp:attachment":[{"href":"https:\/\/www.contextosdigital.com\/index.php?rest_route=%2Fwp%2Fv2%2Fmedia&parent=42243"}],"wp:term":[{"taxonomy":"category","embeddable":true,"href":"https:\/\/www.contextosdigital.com\/index.php?rest_route=%2Fwp%2Fv2%2Fcategories&post=42243"},{"taxonomy":"post_tag","embeddable":true,"href":"https:\/\/www.contextosdigital.com\/index.php?rest_route=%2Fwp%2Fv2%2Ftags&post=42243"}],"curies":[{"name":"wp","href":"https:\/\/api.w.org\/{rel}","templated":true}]}}