{"id":42235,"date":"2016-02-18T09:17:46","date_gmt":"2016-02-18T14:17:46","guid":{"rendered":"http:\/\/www.contextosdigital.com\/?p=42235"},"modified":"2016-02-18T09:17:46","modified_gmt":"2016-02-18T14:17:46","slug":"ofertara-feria-de-empleo-para-jovenes-921-vacantes","status":"publish","type":"post","link":"https:\/\/www.contextosdigital.com\/?p=42235","title":{"rendered":"Ofertar\u00e1 \u201cFeria de Empleo para J\u00f3venes\u201d 921 vacantes"},"content":{"rendered":"<p>El Gobierno del Estado ejecuta acciones encaminas a garantizar el pleno bienestar y adecuado nivel de vida de los j\u00f3venes tlaxcaltecas, es por ello que a trav\u00e9s del Sistema Estatal de Promoci\u00f3n del Empleo y Desarrollo Comunitario (Sepuede) organizar\u00e1 una feria del empleo dirigido a este sector de la poblaci\u00f3n, que tendr\u00e1 lugar el pr\u00f3ximo 18 de febrero.<\/p>\n<p>Durante este evento -que se llevar\u00e1 a cabo en el centro Expositor \u201cAdolfo L\u00f3pez Mateos\u201d, en la ciudad de Tlaxcala de 9:00 a 14:00 horas-\u00a0 37 empresas y tres instituciones ofertar\u00e1n alrededor de 921 vacantes en los rubros industrial, de comercio y servicios.<\/p>\n<p>Es as\u00ed como el Gobernador del Estado, Mariano Gonz\u00e1lez Zarur, demuestra su compromiso de acercar oportunidades laborales a los j\u00f3venes, y de esta forma coadyuvar al crecimiento econ\u00f3mico y social de la entidad.<\/p>\n<p>Con este tipo de eventos, este sector de la ciudadan\u00eda tiene la oportunidad de incursionar en el \u00e1mbito laboral en empleos formales, lo que les permite incrementar su experiencia y crecimiento profesional.<\/p>\n<p>Cabe se\u00f1alar que en el marco de esta \u201cFeria de Empleo Para J\u00f3venes\u201d tambi\u00e9n se realizar\u00e1 un taller, a fin de que los interesados reciban orientaci\u00f3n sobre la adecuada conformaci\u00f3n del curr\u00edculum y recomendaciones para la entrevista de trabajo.<\/p>\n<p>Los j\u00f3venes pueden inscribirse previamente en la p\u00e1gina de internet ferias.empleo.gob.mx, para agilizar su ingreso y el d\u00eda de la feria tambi\u00e9n se habilitar\u00e1 un m\u00f3dulo de registro.<\/p>\n<p>Para mayores informes, pueden comunicarse\u00a0 al n\u00famero\u00a0 telef\u00f3nico 01 (24)\u00a0 46 4 17 15 o acudir a las instalaciones del Servicio Nacional del Empleo (SNE), ubicadas en ex rancho la Aguanaja,\u00a0 sin n\u00famero,\u00a0 en Apetatitl\u00e1n.<\/p>\n","protected":false},"excerpt":{"rendered":"<p>El Gobierno del Estado ejecuta acciones encaminas a garantizar el pleno bienestar y adecuado nivel de vida de los j\u00f3venes tlaxcaltecas, es por ello que a trav\u00e9s del Sistema Estatal de Promoci\u00f3n del Empleo y Desarrollo Comunitario (Sepuede) organizar\u00e1 una feria del empleo dirigido a este sector de la poblaci\u00f3n, que tendr\u00e1 lugar el pr\u00f3ximo 18 de febrero.<br \/>\nDurante este evento -que se llevar\u00e1 a cabo en el centro Expositor \u201cAdolfo L\u00f3pez Mateos\u201d, en la ciudad de Tlaxcala de 9:00 a 14:00 horas-  37 empresas y tres instituciones ofertar\u00e1n alrededor de 921 vacantes en los rubros industrial, de comercio y servicios.<\/p>\n","protected":false},"author":2,"featured_media":0,"comment_status":"open","ping_status":"open","sticky":false,"template":"","format":"standard","meta":{"footnotes":""},"categories":[4],"tags":[],"class_list":["post-42235","post","type-post","status-publish","format-standard","hentry","category-local"],"_links":{"self":[{"href":"https:\/\/www.contextosdigital.com\/index.php?rest_route=\/wp\/v2\/posts\/42235","targetHints":{"allow":["GET"]}}],"collection":[{"href":"https:\/\/www.contextosdigital.com\/index.php?rest_route=\/wp\/v2\/posts"}],"about":[{"href":"https:\/\/www.contextosdigital.com\/index.php?rest_route=\/wp\/v2\/types\/post"}],"author":[{"embeddable":true,"href":"https:\/\/www.contextosdigital.com\/index.php?rest_route=\/wp\/v2\/users\/2"}],"replies":[{"embeddable":true,"href":"https:\/\/www.contextosdigital.com\/index.php?rest_route=%2Fwp%2Fv2%2Fcomments&post=42235"}],"version-history":[{"count":1,"href":"https:\/\/www.contextosdigital.com\/index.php?rest_route=\/wp\/v2\/posts\/42235\/revisions"}],"predecessor-version":[{"id":42236,"href":"https:\/\/www.contextosdigital.com\/index.php?rest_route=\/wp\/v2\/posts\/42235\/revisions\/42236"}],"wp:attachment":[{"href":"https:\/\/www.contextosdigital.com\/index.php?rest_route=%2Fwp%2Fv2%2Fmedia&parent=42235"}],"wp:term":[{"taxonomy":"category","embeddable":true,"href":"https:\/\/www.contextosdigital.com\/index.php?rest_route=%2Fwp%2Fv2%2Fcategories&post=42235"},{"taxonomy":"post_tag","embeddable":true,"href":"https:\/\/www.contextosdigital.com\/index.php?rest_route=%2Fwp%2Fv2%2Ftags&post=42235"}],"curies":[{"name":"wp","href":"https:\/\/api.w.org\/{rel}","templated":true}]}}